{"id":134936,"date":"2024-03-17T12:45:39","date_gmt":"2024-03-17T11:45:39","guid":{"rendered":"https:\/\/rna.ao\/rna.ao\/?p=134936"},"modified":"2024-03-17T12:45:39","modified_gmt":"2024-03-17T11:45:39","slug":"manuel-quitadica-docas-reeleito-para-mais-4-anos-na-presidencia-do-fc-bravos-do-maquis-do-moxico","status":"publish","type":"post","link":"https:\/\/rna.ao\/rna.ao\/2024\/03\/17\/manuel-quitadica-docas-reeleito-para-mais-4-anos-na-presidencia-do-fc-bravos-do-maquis-do-moxico\/","title":{"rendered":"Manuel Quitadica &#8220;Docas&#8221; reeleito para mais 4 anos na presid\u00eancia do FC Bravos do Maquis do Moxico"},"content":{"rendered":"<p><img loading=\"lazy\" class=\"size-full wp-image-134938 aligncenter\" src=\"https:\/\/rna.ao\/rna.ao\/wp-content\/uploads\/2024\/03\/bravos.jpg\" alt=\"\" width=\"308\" height=\"192\" \/>Com noventa e cinco por cento dos votos, Manuel Quitadica &#8220;Docas&#8221;, foi este s\u00e1bado, no Luena, reeleito para mais quatro anos na presid\u00eancia da direc\u00e7\u00e3o do FC Bravos do Maquis do Moxico.\u00a0O dirigente de 65 anos de idade cumprir\u00e1, assim, o seu quarto mandato na lideran\u00e7a dos maquisardes, clube fundado a 27 de Julho de 1983. O acto, que decorreu no audit\u00f3rio da Casa da Cultura, registou tr\u00eas votos contra, dois em branco e um nulo, numa Assembleia em que participaram 120 s\u00f3cios dos 137 apurados.\u00a0O Presidente reeleito do Futebol Clube Bravos do Maquis ao intervir ap\u00f3s a sua recondu\u00e7\u00e3o, reiterou que durante o quadri\u00e9nio 2024-2028 vai priorizar 25 ac\u00e7\u00f5es com destaque para a transforma\u00e7\u00e3o do clube numa Sociedade An\u00f3nima Desportiva para tornar a agremia\u00e7\u00e3o financeiramente aut\u00f3noma.<\/p>\n","protected":false},"excerpt":{"rendered":"<p>Com noventa e cinco por cento dos votos, Manuel Quitadica &#8220;Docas&#8221;, foi este s\u00e1bado, no Luena, reeleito para mais quatro anos na presid\u00eancia da direc\u00e7\u00e3o do FC Bravos do Maquis do Moxico.\u00a0O dirigente de 65 anos de idade cumprir\u00e1, assim, o seu quarto mandato na lideran\u00e7a dos maquisardes, clube fundado ...<\/p>\n","protected":false},"author":8,"featured_media":134937,"comment_status":"closed","ping_status":"closed","sticky":false,"template":"","format":"standard","meta":[],"categories":[145,125,164],"tags":[],"_links":{"self":[{"href":"https:\/\/rna.ao\/rna.ao\/wp-json\/wp\/v2\/posts\/134936"}],"collection":[{"href":"https:\/\/rna.ao\/rna.ao\/wp-json\/wp\/v2\/posts"}],"about":[{"href":"https:\/\/rna.ao\/rna.ao\/wp-json\/wp\/v2\/types\/post"}],"author":[{"embeddable":true,"href":"https:\/\/rna.ao\/rna.ao\/wp-json\/wp\/v2\/users\/8"}],"replies":[{"embeddable":true,"href":"https:\/\/rna.ao\/rna.ao\/wp-json\/wp\/v2\/comments?post=134936"}],"version-history":[{"count":1,"href":"https:\/\/rna.ao\/rna.ao\/wp-json\/wp\/v2\/posts\/134936\/revisions"}],"predecessor-version":[{"id":134939,"href":"https:\/\/rna.ao\/rna.ao\/wp-json\/wp\/v2\/posts\/134936\/revisions\/134939"}],"wp:featuredmedia":[{"embeddable":true,"href":"https:\/\/rna.ao\/rna.ao\/wp-json\/wp\/v2\/media\/134937"}],"wp:attachment":[{"href":"https:\/\/rna.ao\/rna.ao\/wp-json\/wp\/v2\/media?parent=134936"}],"wp:term":[{"taxonomy":"category","embeddable":true,"href":"https:\/\/rna.ao\/rna.ao\/wp-json\/wp\/v2\/categories?post=134936"},{"taxonomy":"post_tag","embeddable":true,"href":"https:\/\/rna.ao\/rna.ao\/wp-json\/wp\/v2\/tags?post=134936"}],"curies":[{"name":"wp","href":"https:\/\/api.w.org\/{rel}","templated":true}]}}