{"id":134930,"date":"2024-03-17T12:32:21","date_gmt":"2024-03-17T11:32:21","guid":{"rendered":"https:\/\/rna.ao\/rna.ao\/?p=134930"},"modified":"2024-03-17T12:32:21","modified_gmt":"2024-03-17T11:32:21","slug":"unita-pretender-levar-a-assembleia-nacional-discussao-sobre-as-causas-da-greve-geral-da-funcao-publica","status":"publish","type":"post","link":"https:\/\/rna.ao\/rna.ao\/2024\/03\/17\/unita-pretender-levar-a-assembleia-nacional-discussao-sobre-as-causas-da-greve-geral-da-funcao-publica\/","title":{"rendered":"UNITA pretender levar a Assembleia Nacional discuss\u00e3o sobre as causas da greve geral da fun\u00e7\u00e3o p\u00fablica"},"content":{"rendered":"<p><img loading=\"lazy\" class=\"wp-image-131482 aligncenter\" src=\"https:\/\/rna.ao\/rna.ao\/wp-content\/uploads\/2024\/02\/UNITAA.jpg\" alt=\"\" width=\"304\" height=\"201\" \/>A UNITA quer nos dias 21 e 22 de Mar\u00e7o, levar ao Parlamento a discuss\u00e3o sobre as causas da greve geral da fun\u00e7\u00e3o p\u00fablica e as consequ\u00eancias pol\u00edticas, econ\u00f3micas, sociais e psicol\u00f3gicas. O Grupo Parlamentar da UNITA fez saber essa pretens\u00e3o durante a aprova\u00e7\u00e3o da agenda da quarta reuni\u00e3o plen\u00e1ria ordin\u00e1ria da Assembleia Nacional previstas para estes dias.\u00a0Clique, no \u00e1udio abaixo, e saiba mais com o jornalista Francisco Pedro:<\/p>\n\t<div class=\"qtmplayer-playlist-large\">\n\t\t<ul class=\"qtmplayer-playlist\">\n\t\t\t\n\t\t\t\t\t<li class=\"qtmplayer-trackitem\">\n\t\t<img src=\"https:\/\/rna.ao\/rna.ao\/wp-content\/uploads\/2020\/11\/Parlamento-bandeiras-100x100.jpg\" alt=\"cover\">\t\t<span \t\t\tdata-qtmplayer-cover=\"https:\/\/rna.ao\/rna.ao\/wp-content\/uploads\/2020\/11\/Parlamento-bandeiras.jpg\"\n\t\t\t\t\t\tdata-qtmplayer-file=\"https:\/\/rna.ao\/rna.ao\/wp-content\/uploads\/2024\/03\/FRANCISCO-PEDRO-GREVE-DOS-TRABALHADORES-13HRS.mp3\"\n\t\t\t\t\t\tdata-qtmplayer-title=\"UNITA pretender levar a Assembleia Nacional discuss\u00e3o sobre as causas da greve geral da fun\u00e7\u00e3o p\u00fablica\"\n\t\t\t\t\t\tdata-qtmplayer-artist=\"RNA\"\n\t\t\t\t\t\tdata-qtmplayer-link=\"https:\/\/rna.ao\/rna.ao\/2024\/03\/17\/unita-pretender-levar-a-assembleia-nacional-discussao-sobre-as-causas-da-greve-geral-da-funcao-publica\/\"\n\t\t\t\t\t\tdata-qtmplayer-icon=\"file_download\"\n\t\t\t\t\t\tdata-qtmplayer-type=\"track\"\n\t\t\t class=\"qtmplayer-play qtmplayer-link-sec qtmplayer-play-btn\"><i class='material-icons'>play_arrow<\/i><\/span>\n\t\t<p>\n\t\t\t<span class=\"qtmplayer-tit\">UNITA pretender levar a Assembleia Nacional discuss\u00e3o sobre as causas da greve geral da fun\u00e7\u00e3o p\u00fablica<\/span>\n\t\t\t<span class=\"qtmplayer-art\">RNA<\/span>\n\t\t<\/p>\n\t<\/li>\n\t\t<\/ul>\n\t<\/div>\t\t\t\n\t\n","protected":false},"excerpt":{"rendered":"<p>A UNITA quer nos dias 21 e 22 de Mar\u00e7o, levar ao Parlamento a discuss\u00e3o sobre as causas da greve geral da fun\u00e7\u00e3o p\u00fablica e as consequ\u00eancias pol\u00edticas, econ\u00f3micas, sociais e psicol\u00f3gicas. O Grupo Parlamentar da UNITA fez saber essa pretens\u00e3o durante a aprova\u00e7\u00e3o da agenda da quarta reuni\u00e3o plen\u00e1ria ...<\/p>\n","protected":false},"author":8,"featured_media":10528,"comment_status":"closed","ping_status":"closed","sticky":false,"template":"","format":"standard","meta":[],"categories":[142,121,164,163],"tags":[],"_links":{"self":[{"href":"https:\/\/rna.ao\/rna.ao\/wp-json\/wp\/v2\/posts\/134930"}],"collection":[{"href":"https:\/\/rna.ao\/rna.ao\/wp-json\/wp\/v2\/posts"}],"about":[{"href":"https:\/\/rna.ao\/rna.ao\/wp-json\/wp\/v2\/types\/post"}],"author":[{"embeddable":true,"href":"https:\/\/rna.ao\/rna.ao\/wp-json\/wp\/v2\/users\/8"}],"replies":[{"embeddable":true,"href":"https:\/\/rna.ao\/rna.ao\/wp-json\/wp\/v2\/comments?post=134930"}],"version-history":[{"count":1,"href":"https:\/\/rna.ao\/rna.ao\/wp-json\/wp\/v2\/posts\/134930\/revisions"}],"predecessor-version":[{"id":134932,"href":"https:\/\/rna.ao\/rna.ao\/wp-json\/wp\/v2\/posts\/134930\/revisions\/134932"}],"wp:featuredmedia":[{"embeddable":true,"href":"https:\/\/rna.ao\/rna.ao\/wp-json\/wp\/v2\/media\/10528"}],"wp:attachment":[{"href":"https:\/\/rna.ao\/rna.ao\/wp-json\/wp\/v2\/media?parent=134930"}],"wp:term":[{"taxonomy":"category","embeddable":true,"href":"https:\/\/rna.ao\/rna.ao\/wp-json\/wp\/v2\/categories?post=134930"},{"taxonomy":"post_tag","embeddable":true,"href":"https:\/\/rna.ao\/rna.ao\/wp-json\/wp\/v2\/tags?post=134930"}],"curies":[{"name":"wp","href":"https:\/\/api.w.org\/{rel}","templated":true}]}}