{"id":13403,"date":"2020-12-18T08:27:28","date_gmt":"2020-12-18T07:27:28","guid":{"rendered":"https:\/\/rna.ao\/rna.ao\/?p=13403"},"modified":"2020-12-18T08:27:28","modified_gmt":"2020-12-18T07:27:28","slug":"cest-une-obligation-morale-de-contribuer-au-developpement-de-langola","status":"publish","type":"post","link":"https:\/\/rna.ao\/rna.ao\/2020\/12\/18\/cest-une-obligation-morale-de-contribuer-au-developpement-de-langola\/","title":{"rendered":"C\u2019est une obligation morale de contribuer au d\u00e9veloppement de l\u2019Angola"},"content":{"rendered":"<p>Le\u00a0 pr\u00e9sident de l\u2019association pour le d\u00e9veloppement des jeunes angolais et \u00e9trangers,Tounkara Seidou ,a d\u00e9clar\u00e9 que,c\u2019est une obligation morale de contribuer au d\u00e9veloppement socio \u2013\u00e9conomique de l\u2019Angola,surtout en ce qui concerne l\u2019encadrement des jeunes.<\/p>\n<p>Selon lui,l\u2019encadrement\u00a0 des jeunes demeure tr\u00e8s fragile et le co\u00fbt de l\u2019inaction \u00e9lev\u00e9, pour tous.<\/p>\n\t<div class=\"qtmplayer-playlist-large\">\n\t\t<ul class=\"qtmplayer-playlist\">\n\t\t\t\n\t\t\t\t\t<li class=\"qtmplayer-trackitem\">\n\t\t<img src=\"https:\/\/rna.ao\/rna.ao\/wp-content\/uploads\/2020\/12\/jovens-seminario-100x100.jpg\" alt=\"cover\">\t\t<span \t\t\tdata-qtmplayer-cover=\"https:\/\/rna.ao\/rna.ao\/wp-content\/uploads\/2020\/12\/jovens-seminario.jpg\"\n\t\t\t\t\t\tdata-qtmplayer-file=\"https:\/\/rna.ao\/rna.ao\/wp-content\/uploads\/2020\/12\/TOUNKARA-SEIDOU-18-12-20.mp3\"\n\t\t\t\t\t\tdata-qtmplayer-title=\"C\u2019est une obligation morale de contribuer au d\u00e9veloppement de l\u2019Angola\"\n\t\t\t\t\t\tdata-qtmplayer-artist=\"RNA\"\n\t\t\t\t\t\tdata-qtmplayer-link=\"https:\/\/rna.ao\/rna.ao\/2020\/12\/18\/cest-une-obligation-morale-de-contribuer-au-developpement-de-langola\/\"\n\t\t\t\t\t\tdata-qtmplayer-icon=\"file_download\"\n\t\t\t\t\t\tdata-qtmplayer-type=\"track\"\n\t\t\t class=\"qtmplayer-play qtmplayer-link-sec qtmplayer-play-btn\"><i class='material-icons'>play_arrow<\/i><\/span>\n\t\t<p>\n\t\t\t<span class=\"qtmplayer-tit\">C\u2019est une obligation morale de contribuer au d\u00e9veloppement de l\u2019Angola<\/span>\n\t\t\t<span class=\"qtmplayer-art\">RNA<\/span>\n\t\t<\/p>\n\t<\/li>\n\t\t<\/ul>\n\t<\/div>\t\t\t\n\t\n","protected":false},"excerpt":{"rendered":"<p>Le\u00a0 pr\u00e9sident de l\u2019association pour le d\u00e9veloppement des jeunes angolais et \u00e9trangers,Tounkara Seidou ,a d\u00e9clar\u00e9 que,c\u2019est une obligation morale de contribuer au d\u00e9veloppement socio \u2013\u00e9conomique de l\u2019Angola,surtout en ce qui concerne l\u2019encadrement des jeunes. Selon lui,l\u2019encadrement\u00a0 des jeunes demeure tr\u00e8s fragile et le co\u00fbt de l\u2019inaction \u00e9lev\u00e9, pour tous.<\/p>\n","protected":false},"author":8,"featured_media":12705,"comment_status":"closed","ping_status":"closed","sticky":false,"template":"","format":"standard","meta":[],"categories":[143,137],"tags":[],"_links":{"self":[{"href":"https:\/\/rna.ao\/rna.ao\/wp-json\/wp\/v2\/posts\/13403"}],"collection":[{"href":"https:\/\/rna.ao\/rna.ao\/wp-json\/wp\/v2\/posts"}],"about":[{"href":"https:\/\/rna.ao\/rna.ao\/wp-json\/wp\/v2\/types\/post"}],"author":[{"embeddable":true,"href":"https:\/\/rna.ao\/rna.ao\/wp-json\/wp\/v2\/users\/8"}],"replies":[{"embeddable":true,"href":"https:\/\/rna.ao\/rna.ao\/wp-json\/wp\/v2\/comments?post=13403"}],"version-history":[{"count":1,"href":"https:\/\/rna.ao\/rna.ao\/wp-json\/wp\/v2\/posts\/13403\/revisions"}],"predecessor-version":[{"id":13405,"href":"https:\/\/rna.ao\/rna.ao\/wp-json\/wp\/v2\/posts\/13403\/revisions\/13405"}],"wp:featuredmedia":[{"embeddable":true,"href":"https:\/\/rna.ao\/rna.ao\/wp-json\/wp\/v2\/media\/12705"}],"wp:attachment":[{"href":"https:\/\/rna.ao\/rna.ao\/wp-json\/wp\/v2\/media?parent=13403"}],"wp:term":[{"taxonomy":"category","embeddable":true,"href":"https:\/\/rna.ao\/rna.ao\/wp-json\/wp\/v2\/categories?post=13403"},{"taxonomy":"post_tag","embeddable":true,"href":"https:\/\/rna.ao\/rna.ao\/wp-json\/wp\/v2\/tags?post=13403"}],"curies":[{"name":"wp","href":"https:\/\/api.w.org\/{rel}","templated":true}]}}