{"id":13400,"date":"2020-12-18T08:24:05","date_gmt":"2020-12-18T07:24:05","guid":{"rendered":"https:\/\/rna.ao\/rna.ao\/?p=13400"},"modified":"2020-12-18T08:24:05","modified_gmt":"2020-12-18T07:24:05","slug":"lentreprenariat-peut-etre-un-levier-pour-creer-des-emplois-des-jeunes","status":"publish","type":"post","link":"https:\/\/rna.ao\/rna.ao\/2020\/12\/18\/lentreprenariat-peut-etre-un-levier-pour-creer-des-emplois-des-jeunes\/","title":{"rendered":"L\u2019entreprenariat peut \u2013\u00eatre  un levier pour cre\u00e9r des emplois  des jeunes"},"content":{"rendered":"<p>L\u2019entreprenariat peut \u2013\u00eatre\u00a0 un levier pour cre\u00e9r des emplois\u00a0 des jeunes .<\/p>\n<p>Soutenir l\u2019acc\u00e8s des jeunes g\u00e9n\u00e9rations \u00e0 des emplois d\u00e9cents, faciliter leur mobilit\u00e9 professionnelle dans un monde du travail\u00a0 est urgent pour permettre \u00e0 chacun d\u2019acc\u00e9der sereinement \u00e0 l\u2019\u00e2ge adulte, de gagner son autonomie et de devenir acteur d\u2019un projet de soci\u00e9t\u00e9 en commun.<\/p>\n<p>Investir dans l\u2019emploi, c\u2019est t\u00e9moigner la confiance envers la jeunesse ,selon le sociologue,Joao Baptista Lukombo.<\/p>\n\t<div class=\"qtmplayer-playlist-large\">\n\t\t<ul class=\"qtmplayer-playlist\">\n\t\t\t\n\t\t\t\t\t<li class=\"qtmplayer-trackitem\">\n\t\t<img src=\"https:\/\/rna.ao\/rna.ao\/wp-content\/uploads\/2020\/10\/feira-de-emprego-100x100.jpg\" alt=\"cover\">\t\t<span \t\t\tdata-qtmplayer-cover=\"https:\/\/rna.ao\/rna.ao\/wp-content\/uploads\/2020\/10\/feira-de-emprego-370x370.jpg\"\n\t\t\t\t\t\tdata-qtmplayer-file=\"https:\/\/rna.ao\/rna.ao\/wp-content\/uploads\/2020\/12\/JBLUKOMBO-EMPREGO-JOVEM-18-12-20-2.mp3\"\n\t\t\t\t\t\tdata-qtmplayer-title=\"L\u2019entreprenariat peut \u2013\u00eatre  un levier pour cre\u00e9r des emplois  des jeunes\"\n\t\t\t\t\t\tdata-qtmplayer-artist=\"RNA\"\n\t\t\t\t\t\tdata-qtmplayer-link=\"https:\/\/rna.ao\/rna.ao\/2020\/12\/18\/lentreprenariat-peut-etre-un-levier-pour-creer-des-emplois-des-jeunes\/\"\n\t\t\t\t\t\tdata-qtmplayer-icon=\"file_download\"\n\t\t\t\t\t\tdata-qtmplayer-type=\"track\"\n\t\t\t class=\"qtmplayer-play qtmplayer-link-sec qtmplayer-play-btn\"><i class='material-icons'>play_arrow<\/i><\/span>\n\t\t<p>\n\t\t\t<span class=\"qtmplayer-tit\">L\u2019entreprenariat peut \u2013\u00eatre  un levier pour cre\u00e9r des emplois  des jeunes<\/span>\n\t\t\t<span class=\"qtmplayer-art\">RNA<\/span>\n\t\t<\/p>\n\t<\/li>\n\t\t<\/ul>\n\t<\/div>\t\t\t\n\t\n","protected":false},"excerpt":{"rendered":"<p>L\u2019entreprenariat peut \u2013\u00eatre\u00a0 un levier pour cre\u00e9r des emplois\u00a0 des jeunes . Soutenir l\u2019acc\u00e8s des jeunes g\u00e9n\u00e9rations \u00e0 des emplois d\u00e9cents, faciliter leur mobilit\u00e9 professionnelle dans un monde du travail\u00a0 est urgent pour permettre \u00e0 chacun d\u2019acc\u00e9der sereinement \u00e0 l\u2019\u00e2ge adulte, de gagner son autonomie et de devenir acteur d\u2019un ...<\/p>\n","protected":false},"author":8,"featured_media":9316,"comment_status":"closed","ping_status":"closed","sticky":false,"template":"","format":"standard","meta":[],"categories":[143,137],"tags":[],"_links":{"self":[{"href":"https:\/\/rna.ao\/rna.ao\/wp-json\/wp\/v2\/posts\/13400"}],"collection":[{"href":"https:\/\/rna.ao\/rna.ao\/wp-json\/wp\/v2\/posts"}],"about":[{"href":"https:\/\/rna.ao\/rna.ao\/wp-json\/wp\/v2\/types\/post"}],"author":[{"embeddable":true,"href":"https:\/\/rna.ao\/rna.ao\/wp-json\/wp\/v2\/users\/8"}],"replies":[{"embeddable":true,"href":"https:\/\/rna.ao\/rna.ao\/wp-json\/wp\/v2\/comments?post=13400"}],"version-history":[{"count":1,"href":"https:\/\/rna.ao\/rna.ao\/wp-json\/wp\/v2\/posts\/13400\/revisions"}],"predecessor-version":[{"id":13402,"href":"https:\/\/rna.ao\/rna.ao\/wp-json\/wp\/v2\/posts\/13400\/revisions\/13402"}],"wp:featuredmedia":[{"embeddable":true,"href":"https:\/\/rna.ao\/rna.ao\/wp-json\/wp\/v2\/media\/9316"}],"wp:attachment":[{"href":"https:\/\/rna.ao\/rna.ao\/wp-json\/wp\/v2\/media?parent=13400"}],"wp:term":[{"taxonomy":"category","embeddable":true,"href":"https:\/\/rna.ao\/rna.ao\/wp-json\/wp\/v2\/categories?post=13400"},{"taxonomy":"post_tag","embeddable":true,"href":"https:\/\/rna.ao\/rna.ao\/wp-json\/wp\/v2\/tags?post=13400"}],"curies":[{"name":"wp","href":"https:\/\/api.w.org\/{rel}","templated":true}]}}