{"id":13386,"date":"2020-12-18T08:12:16","date_gmt":"2020-12-18T07:12:16","guid":{"rendered":"https:\/\/rna.ao\/rna.ao\/?p=13386"},"modified":"2020-12-18T08:12:16","modified_gmt":"2020-12-18T07:12:16","slug":"ligue-e-da-um-abraco-angola-no-programa-manha-informativa-2","status":"publish","type":"post","link":"https:\/\/rna.ao\/rna.ao\/2020\/12\/18\/ligue-e-da-um-abraco-angola-no-programa-manha-informativa-2\/","title":{"rendered":"Ligue e d\u00e1 &#8220;Um Abra\u00e7o Angola&#8221; no Programa Manh\u00e3 Informativa"},"content":{"rendered":"<p><img loading=\"lazy\" class=\"wp-image-6141 alignleft\" src=\"https:\/\/rna.ao\/rna.ao\/wp-content\/uploads\/2020\/10\/Logo-RNA-01-770x770.png\" alt=\"\" width=\"104\" height=\"104\" srcset=\"https:\/\/rna.ao\/rna.ao\/wp-content\/uploads\/2020\/10\/Logo-RNA-01-770x770.png 770w, https:\/\/rna.ao\/rna.ao\/wp-content\/uploads\/2020\/10\/Logo-RNA-01-150x150.png 150w, https:\/\/rna.ao\/rna.ao\/wp-content\/uploads\/2020\/10\/Logo-RNA-01-768x768.png 768w, https:\/\/rna.ao\/rna.ao\/wp-content\/uploads\/2020\/10\/Logo-RNA-01-100x100.png 100w, https:\/\/rna.ao\/rna.ao\/wp-content\/uploads\/2020\/10\/Logo-RNA-01-370x370.png 370w, https:\/\/rna.ao\/rna.ao\/wp-content\/uploads\/2020\/10\/Logo-RNA-01.png 1006w\" sizes=\"(max-width: 104px) 100vw, 104px\" \/>O Programa Manh\u00e3 Informativa, da R\u00e1dio Nacional de Angola, celebra consigo a quadra-festiva. Envie os seus abra\u00e7os at\u00e9 dia 24, e ficamos juntos nas ondas da r\u00e1dio. Ligue e abrace os seus amigos e familiares. Clique no \u00e1udio, em baixo, e ou\u00e7a:<\/p>\n\t<div class=\"qtmplayer-playlist-large\">\n\t\t<ul class=\"qtmplayer-playlist\">\n\t\t\t\n\t\t\t\t\t<li class=\"qtmplayer-trackitem\">\n\t\t<img src=\"https:\/\/rna.ao\/rna.ao\/wp-content\/uploads\/2020\/10\/RNA-logo-100x100.png\" alt=\"cover\">\t\t<span \t\t\tdata-qtmplayer-cover=\"https:\/\/rna.ao\/rna.ao\/wp-content\/uploads\/2020\/10\/RNA-logo.png\"\n\t\t\t\t\t\tdata-qtmplayer-file=\"https:\/\/rna.ao\/rna.ao\/wp-content\/uploads\/2020\/12\/AP-MANHA-INFORMATIVA-NATAL-PERMANENTE-NOVO.mp3\"\n\t\t\t\t\t\tdata-qtmplayer-title=\"Ligue e d\u00e1 &#8220;Um Abra\u00e7o Angola&#8221; no Programa Manh\u00e3 Informativa\"\n\t\t\t\t\t\tdata-qtmplayer-artist=\"RNA\"\n\t\t\t\t\t\tdata-qtmplayer-link=\"https:\/\/rna.ao\/rna.ao\/2020\/12\/18\/ligue-e-da-um-abraco-angola-no-programa-manha-informativa-2\/\"\n\t\t\t\t\t\tdata-qtmplayer-icon=\"file_download\"\n\t\t\t\t\t\tdata-qtmplayer-type=\"track\"\n\t\t\t class=\"qtmplayer-play qtmplayer-link-sec qtmplayer-play-btn\"><i class='material-icons'>play_arrow<\/i><\/span>\n\t\t<p>\n\t\t\t<span class=\"qtmplayer-tit\">Ligue e d\u00e1 &#8220;Um Abra\u00e7o Angola&#8221; no Programa Manh\u00e3 Informativa<\/span>\n\t\t\t<span class=\"qtmplayer-art\">RNA<\/span>\n\t\t<\/p>\n\t<\/li>\n\t\t<\/ul>\n\t<\/div>\t\t\t\n\t\n","protected":false},"excerpt":{"rendered":"<p>O Programa Manh\u00e3 Informativa, da R\u00e1dio Nacional de Angola, celebra consigo a quadra-festiva. Envie os seus abra\u00e7os at\u00e9 dia 24, e ficamos juntos nas ondas da r\u00e1dio. Ligue e abrace os seus amigos e familiares. Clique no \u00e1udio, em baixo, e ou\u00e7a:<\/p>\n","protected":false},"author":8,"featured_media":10122,"comment_status":"closed","ping_status":"closed","sticky":false,"template":"","format":"standard","meta":[],"categories":[164],"tags":[],"_links":{"self":[{"href":"https:\/\/rna.ao\/rna.ao\/wp-json\/wp\/v2\/posts\/13386"}],"collection":[{"href":"https:\/\/rna.ao\/rna.ao\/wp-json\/wp\/v2\/posts"}],"about":[{"href":"https:\/\/rna.ao\/rna.ao\/wp-json\/wp\/v2\/types\/post"}],"author":[{"embeddable":true,"href":"https:\/\/rna.ao\/rna.ao\/wp-json\/wp\/v2\/users\/8"}],"replies":[{"embeddable":true,"href":"https:\/\/rna.ao\/rna.ao\/wp-json\/wp\/v2\/comments?post=13386"}],"version-history":[{"count":1,"href":"https:\/\/rna.ao\/rna.ao\/wp-json\/wp\/v2\/posts\/13386\/revisions"}],"predecessor-version":[{"id":13388,"href":"https:\/\/rna.ao\/rna.ao\/wp-json\/wp\/v2\/posts\/13386\/revisions\/13388"}],"wp:featuredmedia":[{"embeddable":true,"href":"https:\/\/rna.ao\/rna.ao\/wp-json\/wp\/v2\/media\/10122"}],"wp:attachment":[{"href":"https:\/\/rna.ao\/rna.ao\/wp-json\/wp\/v2\/media?parent=13386"}],"wp:term":[{"taxonomy":"category","embeddable":true,"href":"https:\/\/rna.ao\/rna.ao\/wp-json\/wp\/v2\/categories?post=13386"},{"taxonomy":"post_tag","embeddable":true,"href":"https:\/\/rna.ao\/rna.ao\/wp-json\/wp\/v2\/tags?post=13386"}],"curies":[{"name":"wp","href":"https:\/\/api.w.org\/{rel}","templated":true}]}}