{"id":13381,"date":"2020-12-18T08:03:09","date_gmt":"2020-12-18T07:03:09","guid":{"rendered":"https:\/\/rna.ao\/rna.ao\/?p=13381"},"modified":"2020-12-18T09:01:48","modified_gmt":"2020-12-18T08:01:48","slug":"proposta-do-codigo-de-procedimento-administrativo-recebe-contribuicoes-da-oaa","status":"publish","type":"post","link":"https:\/\/rna.ao\/rna.ao\/2020\/12\/18\/proposta-do-codigo-de-procedimento-administrativo-recebe-contribuicoes-da-oaa\/","title":{"rendered":"Proposta do C\u00f3digo de Procedimento Administrativo recebe contribui\u00e7\u00f5es da OAA"},"content":{"rendered":"<p><img loading=\"lazy\" class=\"size-full wp-image-13384 alignleft\" src=\"https:\/\/rna.ao\/rna.ao\/wp-content\/uploads\/2020\/12\/OAA-logotipo.jpg\" alt=\"\" width=\"305\" height=\"162\" \/>Continua a consulta p\u00fablica das propostas do C\u00f3digo de Procedimento Administrativo e do C\u00f3digo do Processo e Contencioso Administrativo.<\/p>\n<p>O documento, que visa conferir mudan\u00e7as da administra\u00e7\u00e3o p\u00fablica, recebeu a contribui\u00e7\u00e3o dos associados da Ordem dos Advogados de Angola (OAA). Clique no \u00e1udio, em baixo, e saiba mais na reportagem:<\/p>\n\t<div class=\"qtmplayer-playlist-large\">\n\t\t<ul class=\"qtmplayer-playlist\">\n\t\t\t\n\t\t\t\t\t<li class=\"qtmplayer-trackitem\">\n\t\t<img src=\"https:\/\/rna.ao\/rna.ao\/wp-content\/uploads\/2020\/12\/Logo_da_Ordem_dos_Advogados_de_Angola-100x100.jpg\" alt=\"cover\">\t\t<span \t\t\tdata-qtmplayer-cover=\"https:\/\/rna.ao\/rna.ao\/wp-content\/uploads\/2020\/12\/Logo_da_Ordem_dos_Advogados_de_Angola.jpg\"\n\t\t\t\t\t\tdata-qtmplayer-file=\"https:\/\/rna.ao\/rna.ao\/wp-content\/uploads\/2020\/12\/DANIEL-MARQUES-07HRS.mp3\"\n\t\t\t\t\t\tdata-qtmplayer-title=\"Proposta do C\u00f3digo de Procedimento Administrativo recebe contribui\u00e7\u00f5es da OAA\"\n\t\t\t\t\t\tdata-qtmplayer-artist=\"RNA\"\n\t\t\t\t\t\tdata-qtmplayer-link=\"https:\/\/rna.ao\/rna.ao\/2020\/12\/18\/proposta-do-codigo-de-procedimento-administrativo-recebe-contribuicoes-da-oaa\/\"\n\t\t\t\t\t\tdata-qtmplayer-icon=\"file_download\"\n\t\t\t\t\t\tdata-qtmplayer-type=\"track\"\n\t\t\t class=\"qtmplayer-play qtmplayer-link-sec qtmplayer-play-btn\"><i class='material-icons'>play_arrow<\/i><\/span>\n\t\t<p>\n\t\t\t<span class=\"qtmplayer-tit\">Proposta do C\u00f3digo de Procedimento Administrativo recebe contribui\u00e7\u00f5es da OAA<\/span>\n\t\t\t<span class=\"qtmplayer-art\">RNA<\/span>\n\t\t<\/p>\n\t<\/li>\n\t\t<\/ul>\n\t<\/div>\t\t\t\n\t\n<p>Fonte: RNA &#8211; Jornalista Daniel Marques<\/p>\n","protected":false},"excerpt":{"rendered":"<p>Continua a consulta p\u00fablica das propostas do C\u00f3digo de Procedimento Administrativo e do C\u00f3digo do Processo e Contencioso Administrativo. O documento, que visa conferir mudan\u00e7as da administra\u00e7\u00e3o p\u00fablica, recebeu a contribui\u00e7\u00e3o dos associados da Ordem dos Advogados de Angola (OAA). Clique no \u00e1udio, em baixo, e saiba mais na reportagem: ...<\/p>\n","protected":false},"author":8,"featured_media":13439,"comment_status":"closed","ping_status":"closed","sticky":false,"template":"","format":"standard","meta":[],"categories":[142,164],"tags":[],"_links":{"self":[{"href":"https:\/\/rna.ao\/rna.ao\/wp-json\/wp\/v2\/posts\/13381"}],"collection":[{"href":"https:\/\/rna.ao\/rna.ao\/wp-json\/wp\/v2\/posts"}],"about":[{"href":"https:\/\/rna.ao\/rna.ao\/wp-json\/wp\/v2\/types\/post"}],"author":[{"embeddable":true,"href":"https:\/\/rna.ao\/rna.ao\/wp-json\/wp\/v2\/users\/8"}],"replies":[{"embeddable":true,"href":"https:\/\/rna.ao\/rna.ao\/wp-json\/wp\/v2\/comments?post=13381"}],"version-history":[{"count":1,"href":"https:\/\/rna.ao\/rna.ao\/wp-json\/wp\/v2\/posts\/13381\/revisions"}],"predecessor-version":[{"id":13385,"href":"https:\/\/rna.ao\/rna.ao\/wp-json\/wp\/v2\/posts\/13381\/revisions\/13385"}],"wp:featuredmedia":[{"embeddable":true,"href":"https:\/\/rna.ao\/rna.ao\/wp-json\/wp\/v2\/media\/13439"}],"wp:attachment":[{"href":"https:\/\/rna.ao\/rna.ao\/wp-json\/wp\/v2\/media?parent=13381"}],"wp:term":[{"taxonomy":"category","embeddable":true,"href":"https:\/\/rna.ao\/rna.ao\/wp-json\/wp\/v2\/categories?post=13381"},{"taxonomy":"post_tag","embeddable":true,"href":"https:\/\/rna.ao\/rna.ao\/wp-json\/wp\/v2\/tags?post=13381"}],"curies":[{"name":"wp","href":"https:\/\/api.w.org\/{rel}","templated":true}]}}