{"id":13375,"date":"2020-12-18T07:54:45","date_gmt":"2020-12-18T06:54:45","guid":{"rendered":"https:\/\/rna.ao\/rna.ao\/?p=13375"},"modified":"2020-12-18T08:04:11","modified_gmt":"2020-12-18T07:04:11","slug":"angola-e-arabia-saudita-desenham-nova-era-de-cooperacao","status":"publish","type":"post","link":"https:\/\/rna.ao\/rna.ao\/2020\/12\/18\/angola-e-arabia-saudita-desenham-nova-era-de-cooperacao\/","title":{"rendered":"Angola e Ar\u00e1bia saudita desenham nova era de coopera\u00e7\u00e3o bilateral"},"content":{"rendered":"<p><img loading=\"lazy\" class=\"size-full wp-image-13378 alignleft\" src=\"https:\/\/rna.ao\/rna.ao\/wp-content\/uploads\/2020\/12\/Angola-e-Arabia-saudita-1.jpg\" alt=\"\" width=\"269\" height=\"246\" \/>Angola e a Ar\u00e1bia Saudita d\u00e3o passos para o fortalecimento da coopera\u00e7\u00e3o bilateral.<\/p>\n<p>Com\u00e9rcio, investimentos e a forma\u00e7\u00e3o de quadros angolanos, s\u00e3o prioridades no novo desenho da coopera\u00e7\u00e3o nos dois sentidos.<\/p>\n<p>A pensar na excel\u00eancia da coopera\u00e7\u00e3o bilateral, Angola dever\u00e1 abrir, em breve, a sua representa\u00e7\u00e3o diplom\u00e1tica naquele pa\u00eds, que abrange a maior parte da pen\u00ednsula ar\u00e1bica.. Clique no \u00e1udio, em baixo, e ou\u00e7a mais detalhes na reportagem:<\/p>\n\t<div class=\"qtmplayer-playlist-large\">\n\t\t<ul class=\"qtmplayer-playlist\">\n\t\t\t\n\t\t\t\t\t<li class=\"qtmplayer-trackitem\">\n\t\t<img src=\"https:\/\/rna.ao\/rna.ao\/wp-content\/uploads\/2020\/12\/Angola-e-Arabia-saudita-100x100.jpg\" alt=\"cover\">\t\t<span \t\t\tdata-qtmplayer-cover=\"https:\/\/rna.ao\/rna.ao\/wp-content\/uploads\/2020\/12\/Angola-e-Arabia-saudita.jpg\"\n\t\t\t\t\t\tdata-qtmplayer-file=\"https:\/\/rna.ao\/rna.ao\/wp-content\/uploads\/2020\/12\/CAROLINA-BARRADAS-BOM-07HRS.mp3\"\n\t\t\t\t\t\tdata-qtmplayer-title=\"Angola e Ar\u00e1bia saudita desenham nova era de coopera\u00e7\u00e3o bilateral\"\n\t\t\t\t\t\tdata-qtmplayer-artist=\"RNA\"\n\t\t\t\t\t\tdata-qtmplayer-link=\"https:\/\/rna.ao\/rna.ao\/2020\/12\/18\/angola-e-arabia-saudita-desenham-nova-era-de-cooperacao\/\"\n\t\t\t\t\t\tdata-qtmplayer-icon=\"file_download\"\n\t\t\t\t\t\tdata-qtmplayer-type=\"track\"\n\t\t\t class=\"qtmplayer-play qtmplayer-link-sec qtmplayer-play-btn\"><i class='material-icons'>play_arrow<\/i><\/span>\n\t\t<p>\n\t\t\t<span class=\"qtmplayer-tit\">Angola e Ar\u00e1bia saudita desenham nova era de coopera\u00e7\u00e3o bilateral<\/span>\n\t\t\t<span class=\"qtmplayer-art\">RNA<\/span>\n\t\t<\/p>\n\t<\/li>\n\t\t<\/ul>\n\t<\/div>\t\t\t\n\t\n<p>Fonte: RNA &#8211; Jornalista Carolina Barradas<\/p>\n","protected":false},"excerpt":{"rendered":"<p>Angola e a Ar\u00e1bia Saudita d\u00e3o passos para o fortalecimento da coopera\u00e7\u00e3o bilateral. Com\u00e9rcio, investimentos e a forma\u00e7\u00e3o de quadros angolanos, s\u00e3o prioridades no novo desenho da coopera\u00e7\u00e3o nos dois sentidos. A pensar na excel\u00eancia da coopera\u00e7\u00e3o bilateral, Angola dever\u00e1 abrir, em breve, a sua representa\u00e7\u00e3o diplom\u00e1tica naquele pa\u00eds, que ...<\/p>\n","protected":false},"author":8,"featured_media":13377,"comment_status":"closed","ping_status":"closed","sticky":false,"template":"","format":"standard","meta":[],"categories":[121,163],"tags":[],"_links":{"self":[{"href":"https:\/\/rna.ao\/rna.ao\/wp-json\/wp\/v2\/posts\/13375"}],"collection":[{"href":"https:\/\/rna.ao\/rna.ao\/wp-json\/wp\/v2\/posts"}],"about":[{"href":"https:\/\/rna.ao\/rna.ao\/wp-json\/wp\/v2\/types\/post"}],"author":[{"embeddable":true,"href":"https:\/\/rna.ao\/rna.ao\/wp-json\/wp\/v2\/users\/8"}],"replies":[{"embeddable":true,"href":"https:\/\/rna.ao\/rna.ao\/wp-json\/wp\/v2\/comments?post=13375"}],"version-history":[{"count":2,"href":"https:\/\/rna.ao\/rna.ao\/wp-json\/wp\/v2\/posts\/13375\/revisions"}],"predecessor-version":[{"id":13380,"href":"https:\/\/rna.ao\/rna.ao\/wp-json\/wp\/v2\/posts\/13375\/revisions\/13380"}],"wp:featuredmedia":[{"embeddable":true,"href":"https:\/\/rna.ao\/rna.ao\/wp-json\/wp\/v2\/media\/13377"}],"wp:attachment":[{"href":"https:\/\/rna.ao\/rna.ao\/wp-json\/wp\/v2\/media?parent=13375"}],"wp:term":[{"taxonomy":"category","embeddable":true,"href":"https:\/\/rna.ao\/rna.ao\/wp-json\/wp\/v2\/categories?post=13375"},{"taxonomy":"post_tag","embeddable":true,"href":"https:\/\/rna.ao\/rna.ao\/wp-json\/wp\/v2\/tags?post=13375"}],"curies":[{"name":"wp","href":"https:\/\/api.w.org\/{rel}","templated":true}]}}