{"id":13371,"date":"2020-12-18T07:44:17","date_gmt":"2020-12-18T06:44:17","guid":{"rendered":"https:\/\/rna.ao\/rna.ao\/?p=13371"},"modified":"2020-12-18T07:44:17","modified_gmt":"2020-12-18T06:44:17","slug":"joana-tomas-recebe-aprovacao-do-bureau-politico-para-dirigir-a-oma","status":"publish","type":"post","link":"https:\/\/rna.ao\/rna.ao\/2020\/12\/18\/joana-tomas-recebe-aprovacao-do-bureau-politico-para-dirigir-a-oma\/","title":{"rendered":"Joana Tom\u00e1s recebe aprova\u00e7\u00e3o do Bureau Pol\u00edtico para dirigir a OMA"},"content":{"rendered":"<p><img loading=\"lazy\" class=\"size-full wp-image-13373 alignleft\" src=\"https:\/\/rna.ao\/rna.ao\/wp-content\/uploads\/2020\/12\/Joana-Tomas-1.jpg\" alt=\"\" width=\"276\" height=\"184\" \/>Joana Tom\u00e1s passou pelo crivo do Bureau Pol\u00edtico do Movimento Popular de Liberta\u00e7\u00e3o de Angola (MPLA), para, nos pr\u00f3ximos cinco anos, assumir a lideran\u00e7a das senhoras da fam\u00edlia &#8220;\u00caME&#8221;.<\/p>\n<p>Para dar continuidade aos projectos da ala &#8220;das senhoras&#8221; do partido maiorit\u00e1rio em Angola, Joana Tom\u00e1s, vai contar com a experi\u00eancia de um Conselho da Organiza\u00e7\u00e3o Da Mulher Angolana (OMA). Clique no \u00e1udio, em baixo, e saiba mais na reportagem:<\/p>\n\t<div class=\"qtmplayer-playlist-large\">\n\t\t<ul class=\"qtmplayer-playlist\">\n\t\t\t\n\t\t\t\t\t<li class=\"qtmplayer-trackitem\">\n\t\t<img src=\"https:\/\/rna.ao\/rna.ao\/wp-content\/uploads\/2020\/12\/Joana-Tomas-1-100x100.jpg\" alt=\"cover\">\t\t<span \t\t\tdata-qtmplayer-cover=\"https:\/\/rna.ao\/rna.ao\/wp-content\/uploads\/2020\/12\/Joana-Tomas-1.jpg\"\n\t\t\t\t\t\tdata-qtmplayer-file=\"https:\/\/rna.ao\/rna.ao\/wp-content\/uploads\/2020\/12\/MAIRA-TAVARES-07-HRS.mp3-BOM.mp3\"\n\t\t\t\t\t\tdata-qtmplayer-title=\"Joana Tom\u00e1s recebe aprova\u00e7\u00e3o do Bureau Pol\u00edtico para dirigir a OMA\"\n\t\t\t\t\t\tdata-qtmplayer-artist=\"RNA\"\n\t\t\t\t\t\tdata-qtmplayer-link=\"https:\/\/rna.ao\/rna.ao\/2020\/12\/18\/joana-tomas-recebe-aprovacao-do-bureau-politico-para-dirigir-a-oma\/\"\n\t\t\t\t\t\tdata-qtmplayer-icon=\"file_download\"\n\t\t\t\t\t\tdata-qtmplayer-type=\"track\"\n\t\t\t class=\"qtmplayer-play qtmplayer-link-sec qtmplayer-play-btn\"><i class='material-icons'>play_arrow<\/i><\/span>\n\t\t<p>\n\t\t\t<span class=\"qtmplayer-tit\">Joana Tom\u00e1s recebe aprova\u00e7\u00e3o do Bureau Pol\u00edtico para dirigir a OMA<\/span>\n\t\t\t<span class=\"qtmplayer-art\">RNA<\/span>\n\t\t<\/p>\n\t<\/li>\n\t\t<\/ul>\n\t<\/div>\t\t\t\n\t\n<p>Fonte: RNA &#8211; Jornalista Maira Tavares<\/p>\n","protected":false},"excerpt":{"rendered":"<p>Joana Tom\u00e1s passou pelo crivo do Bureau Pol\u00edtico do Movimento Popular de Liberta\u00e7\u00e3o de Angola (MPLA), para, nos pr\u00f3ximos cinco anos, assumir a lideran\u00e7a das senhoras da fam\u00edlia &#8220;\u00caME&#8221;. Para dar continuidade aos projectos da ala &#8220;das senhoras&#8221; do partido maiorit\u00e1rio em Angola, Joana Tom\u00e1s, vai contar com a experi\u00eancia ...<\/p>\n","protected":false},"author":8,"featured_media":13373,"comment_status":"closed","ping_status":"closed","sticky":false,"template":"","format":"standard","meta":[],"categories":[121,164],"tags":[],"_links":{"self":[{"href":"https:\/\/rna.ao\/rna.ao\/wp-json\/wp\/v2\/posts\/13371"}],"collection":[{"href":"https:\/\/rna.ao\/rna.ao\/wp-json\/wp\/v2\/posts"}],"about":[{"href":"https:\/\/rna.ao\/rna.ao\/wp-json\/wp\/v2\/types\/post"}],"author":[{"embeddable":true,"href":"https:\/\/rna.ao\/rna.ao\/wp-json\/wp\/v2\/users\/8"}],"replies":[{"embeddable":true,"href":"https:\/\/rna.ao\/rna.ao\/wp-json\/wp\/v2\/comments?post=13371"}],"version-history":[{"count":1,"href":"https:\/\/rna.ao\/rna.ao\/wp-json\/wp\/v2\/posts\/13371\/revisions"}],"predecessor-version":[{"id":13374,"href":"https:\/\/rna.ao\/rna.ao\/wp-json\/wp\/v2\/posts\/13371\/revisions\/13374"}],"wp:featuredmedia":[{"embeddable":true,"href":"https:\/\/rna.ao\/rna.ao\/wp-json\/wp\/v2\/media\/13373"}],"wp:attachment":[{"href":"https:\/\/rna.ao\/rna.ao\/wp-json\/wp\/v2\/media?parent=13371"}],"wp:term":[{"taxonomy":"category","embeddable":true,"href":"https:\/\/rna.ao\/rna.ao\/wp-json\/wp\/v2\/categories?post=13371"},{"taxonomy":"post_tag","embeddable":true,"href":"https:\/\/rna.ao\/rna.ao\/wp-json\/wp\/v2\/tags?post=13371"}],"curies":[{"name":"wp","href":"https:\/\/api.w.org\/{rel}","templated":true}]}}