{"id":13362,"date":"2020-12-18T07:24:44","date_gmt":"2020-12-18T06:24:44","guid":{"rendered":"https:\/\/rna.ao\/rna.ao\/?p=13362"},"modified":"2020-12-18T07:24:44","modified_gmt":"2020-12-18T06:24:44","slug":"lunda-norte-praga-nao-identificada-esta-a-destruir-plantacoes-de-mandioca","status":"publish","type":"post","link":"https:\/\/rna.ao\/rna.ao\/2020\/12\/18\/lunda-norte-praga-nao-identificada-esta-a-destruir-plantacoes-de-mandioca\/","title":{"rendered":"Lunda-Norte: Praga n\u00e3o identificada est\u00e1 a destruir planta\u00e7\u00f5es de mandioca"},"content":{"rendered":"<p><img loading=\"lazy\" class=\" wp-image-13364 alignleft\" src=\"https:\/\/rna.ao\/rna.ao\/wp-content\/uploads\/2020\/12\/mandioca-como-plantar-passo-a-passo-2.jpg\" alt=\"\" width=\"209\" height=\"159\" \/>Na prov\u00edncia da Lunda-Norte a cultura da mandioca est\u00e1 a ser assolada por uma praga, at\u00e9 ao momento, n\u00e3o identificada.<\/p>\n<p>O facto est\u00e1 a preocupar as autoridades locais que respondem pelo sector da agricultura, por ter afectado j\u00e1 mais de quinze hectares, dos vinte quatro previstos, para a colheita de mandioca em fevereiro de 2021. Clique no \u00e1udio, em baixo, e ou\u00e7a toda a informa\u00e7\u00e3o na reportagem:<\/p>\n\t<div class=\"qtmplayer-playlist-large\">\n\t\t<ul class=\"qtmplayer-playlist\">\n\t\t\t\n\t\t\t\t\t<li class=\"qtmplayer-trackitem\">\n\t\t<img src=\"https:\/\/rna.ao\/rna.ao\/wp-content\/uploads\/2020\/12\/mandioca-como-plantar-passo-a-passo-2-100x100.jpg\" alt=\"cover\">\t\t<span \t\t\tdata-qtmplayer-cover=\"https:\/\/rna.ao\/rna.ao\/wp-content\/uploads\/2020\/12\/mandioca-como-plantar-passo-a-passo-2.jpg\"\n\t\t\t\t\t\tdata-qtmplayer-file=\"https:\/\/rna.ao\/rna.ao\/wp-content\/uploads\/2020\/12\/LUNDA-NORTE-.PRAGA-DE-MANDIOCA-07-HRS.mp3\"\n\t\t\t\t\t\tdata-qtmplayer-title=\"Lunda-Norte: Praga n\u00e3o identificada est\u00e1 a destruir planta\u00e7\u00f5es de mandioca\"\n\t\t\t\t\t\tdata-qtmplayer-artist=\"RNA\"\n\t\t\t\t\t\tdata-qtmplayer-link=\"https:\/\/rna.ao\/rna.ao\/2020\/12\/18\/lunda-norte-praga-nao-identificada-esta-a-destruir-plantacoes-de-mandioca\/\"\n\t\t\t\t\t\tdata-qtmplayer-icon=\"file_download\"\n\t\t\t\t\t\tdata-qtmplayer-type=\"track\"\n\t\t\t class=\"qtmplayer-play qtmplayer-link-sec qtmplayer-play-btn\"><i class='material-icons'>play_arrow<\/i><\/span>\n\t\t<p>\n\t\t\t<span class=\"qtmplayer-tit\">Lunda-Norte: Praga n\u00e3o identificada est\u00e1 a destruir planta\u00e7\u00f5es de mandioca<\/span>\n\t\t\t<span class=\"qtmplayer-art\">RNA<\/span>\n\t\t<\/p>\n\t<\/li>\n\t\t<\/ul>\n\t<\/div>\t\t\t\n\t\n<p>Fonte: RNA &#8211; Jornalista Fl\u00e1vio Madeira<\/p>\n","protected":false},"excerpt":{"rendered":"<p>Na prov\u00edncia da Lunda-Norte a cultura da mandioca est\u00e1 a ser assolada por uma praga, at\u00e9 ao momento, n\u00e3o identificada. O facto est\u00e1 a preocupar as autoridades locais que respondem pelo sector da agricultura, por ter afectado j\u00e1 mais de quinze hectares, dos vinte quatro previstos, para a colheita de ...<\/p>\n","protected":false},"author":8,"featured_media":13364,"comment_status":"closed","ping_status":"closed","sticky":false,"template":"","format":"standard","meta":[],"categories":[142,121,163],"tags":[],"_links":{"self":[{"href":"https:\/\/rna.ao\/rna.ao\/wp-json\/wp\/v2\/posts\/13362"}],"collection":[{"href":"https:\/\/rna.ao\/rna.ao\/wp-json\/wp\/v2\/posts"}],"about":[{"href":"https:\/\/rna.ao\/rna.ao\/wp-json\/wp\/v2\/types\/post"}],"author":[{"embeddable":true,"href":"https:\/\/rna.ao\/rna.ao\/wp-json\/wp\/v2\/users\/8"}],"replies":[{"embeddable":true,"href":"https:\/\/rna.ao\/rna.ao\/wp-json\/wp\/v2\/comments?post=13362"}],"version-history":[{"count":1,"href":"https:\/\/rna.ao\/rna.ao\/wp-json\/wp\/v2\/posts\/13362\/revisions"}],"predecessor-version":[{"id":13365,"href":"https:\/\/rna.ao\/rna.ao\/wp-json\/wp\/v2\/posts\/13362\/revisions\/13365"}],"wp:featuredmedia":[{"embeddable":true,"href":"https:\/\/rna.ao\/rna.ao\/wp-json\/wp\/v2\/media\/13364"}],"wp:attachment":[{"href":"https:\/\/rna.ao\/rna.ao\/wp-json\/wp\/v2\/media?parent=13362"}],"wp:term":[{"taxonomy":"category","embeddable":true,"href":"https:\/\/rna.ao\/rna.ao\/wp-json\/wp\/v2\/categories?post=13362"},{"taxonomy":"post_tag","embeddable":true,"href":"https:\/\/rna.ao\/rna.ao\/wp-json\/wp\/v2\/tags?post=13362"}],"curies":[{"name":"wp","href":"https:\/\/api.w.org\/{rel}","templated":true}]}}