{"id":13352,"date":"2020-12-18T06:51:54","date_gmt":"2020-12-18T05:51:54","guid":{"rendered":"https:\/\/rna.ao\/rna.ao\/?p=13352"},"modified":"2020-12-18T06:51:54","modified_gmt":"2020-12-18T05:51:54","slug":"basquetebol-fab-inova-com-torneio-fim-de-ano","status":"publish","type":"post","link":"https:\/\/rna.ao\/rna.ao\/2020\/12\/18\/basquetebol-fab-inova-com-torneio-fim-de-ano\/","title":{"rendered":"Basquetebol: FAB inova com torneio &#8220;fim de Ano&#8221;"},"content":{"rendered":"<p><img loading=\"lazy\" class=\"size-full wp-image-10209 alignleft\" src=\"https:\/\/rna.ao\/rna.ao\/wp-content\/uploads\/2020\/10\/Basquete-Bola-Ao-Cesto.jpg\" alt=\"\" width=\"300\" height=\"188\" \/>A Federa\u00e7\u00e3o Angolana de Basquetebol vai organizar, a partir deste domingo, 20\/12, o &#8220;torneio fim de ano&#8221;, envolvendo o Clube Desportivo 1\u00ba de Agosto A e B, e o Atl\u00e9tico Petr\u00f3leos de Luanda, tamb\u00e9m, A e B.<\/p>\n<p>A referida prova, em seniores masculino, vai decorrer nos Pavilh\u00f5es Victorino Cunha, Cidadela e na Arena do Kilamba, em Luanda. Clique no \u00e1udio, e ou\u00e7a, com mais detalhes na reportagem:<\/p>\n\t<div class=\"qtmplayer-playlist-large\">\n\t\t<ul class=\"qtmplayer-playlist\">\n\t\t\t\n\t\t\t\t\t<li class=\"qtmplayer-trackitem\">\n\t\t<img src=\"https:\/\/rna.ao\/rna.ao\/wp-content\/uploads\/2020\/10\/Basquete-Bola-Ao-Cesto-100x100.jpg\" alt=\"cover\">\t\t<span \t\t\tdata-qtmplayer-cover=\"https:\/\/rna.ao\/rna.ao\/wp-content\/uploads\/2020\/10\/Basquete-Bola-Ao-Cesto.jpg\"\n\t\t\t\t\t\tdata-qtmplayer-file=\"https:\/\/rna.ao\/rna.ao\/wp-content\/uploads\/2020\/12\/20H30-7-NELSON-VENTURA-17-12-20.mp3\"\n\t\t\t\t\t\tdata-qtmplayer-title=\"Basquetebol: FAB inova com torneio &#8220;fim de Ano&#8221;\"\n\t\t\t\t\t\tdata-qtmplayer-artist=\"RNA\"\n\t\t\t\t\t\tdata-qtmplayer-link=\"https:\/\/rna.ao\/rna.ao\/2020\/12\/18\/basquetebol-fab-inova-com-torneio-fim-de-ano\/\"\n\t\t\t\t\t\tdata-qtmplayer-icon=\"file_download\"\n\t\t\t\t\t\tdata-qtmplayer-type=\"track\"\n\t\t\t class=\"qtmplayer-play qtmplayer-link-sec qtmplayer-play-btn\"><i class='material-icons'>play_arrow<\/i><\/span>\n\t\t<p>\n\t\t\t<span class=\"qtmplayer-tit\">Basquetebol: FAB inova com torneio &#8220;fim de Ano&#8221;<\/span>\n\t\t\t<span class=\"qtmplayer-art\">RNA<\/span>\n\t\t<\/p>\n\t<\/li>\n\t\t<\/ul>\n\t<\/div>\t\t\t\n\t\n<p>Fonte: R\u00e1dio 5\/RNA &#8211; Jornalista Nelson Ventura<\/p>\n","protected":false},"excerpt":{"rendered":"<p>A Federa\u00e7\u00e3o Angolana de Basquetebol vai organizar, a partir deste domingo, 20\/12, o &#8220;torneio fim de ano&#8221;, envolvendo o Clube Desportivo 1\u00ba de Agosto A e B, e o Atl\u00e9tico Petr\u00f3leos de Luanda, tamb\u00e9m, A e B. A referida prova, em seniores masculino, vai decorrer nos Pavilh\u00f5es Victorino Cunha, Cidadela ...<\/p>\n","protected":false},"author":8,"featured_media":10209,"comment_status":"closed","ping_status":"closed","sticky":false,"template":"","format":"standard","meta":[],"categories":[145,125,164],"tags":[],"_links":{"self":[{"href":"https:\/\/rna.ao\/rna.ao\/wp-json\/wp\/v2\/posts\/13352"}],"collection":[{"href":"https:\/\/rna.ao\/rna.ao\/wp-json\/wp\/v2\/posts"}],"about":[{"href":"https:\/\/rna.ao\/rna.ao\/wp-json\/wp\/v2\/types\/post"}],"author":[{"embeddable":true,"href":"https:\/\/rna.ao\/rna.ao\/wp-json\/wp\/v2\/users\/8"}],"replies":[{"embeddable":true,"href":"https:\/\/rna.ao\/rna.ao\/wp-json\/wp\/v2\/comments?post=13352"}],"version-history":[{"count":1,"href":"https:\/\/rna.ao\/rna.ao\/wp-json\/wp\/v2\/posts\/13352\/revisions"}],"predecessor-version":[{"id":13354,"href":"https:\/\/rna.ao\/rna.ao\/wp-json\/wp\/v2\/posts\/13352\/revisions\/13354"}],"wp:featuredmedia":[{"embeddable":true,"href":"https:\/\/rna.ao\/rna.ao\/wp-json\/wp\/v2\/media\/10209"}],"wp:attachment":[{"href":"https:\/\/rna.ao\/rna.ao\/wp-json\/wp\/v2\/media?parent=13352"}],"wp:term":[{"taxonomy":"category","embeddable":true,"href":"https:\/\/rna.ao\/rna.ao\/wp-json\/wp\/v2\/categories?post=13352"},{"taxonomy":"post_tag","embeddable":true,"href":"https:\/\/rna.ao\/rna.ao\/wp-json\/wp\/v2\/tags?post=13352"}],"curies":[{"name":"wp","href":"https:\/\/api.w.org\/{rel}","templated":true}]}}