{"id":13349,"date":"2020-12-18T06:40:05","date_gmt":"2020-12-18T05:40:05","guid":{"rendered":"https:\/\/rna.ao\/rna.ao\/?p=13349"},"modified":"2020-12-18T06:40:05","modified_gmt":"2020-12-18T05:40:05","slug":"andebol-tecnico-da-selecao-lamenta-falta-de-equipas-para-jogos-de-controlo","status":"publish","type":"post","link":"https:\/\/rna.ao\/rna.ao\/2020\/12\/18\/andebol-tecnico-da-selecao-lamenta-falta-de-equipas-para-jogos-de-controlo\/","title":{"rendered":"Andebol: T\u00e9cnico da sele\u00e7\u00e3o lamenta falta de equipas para jogos de controlo"},"content":{"rendered":"<p><img loading=\"lazy\" class=\"size-full wp-image-12007 alignleft\" src=\"https:\/\/rna.ao\/rna.ao\/wp-content\/uploads\/2020\/11\/Jose-Pereira-Kido.jpg\" alt=\"\" width=\"275\" height=\"183\" \/>A pr\u00e9-sele\u00e7\u00e3o angolana de andebol masculino continua a trabalhar, na prov\u00edncia da Hu\u00edla, para aumentar os \u00edndices competitivos, para atacar o Campeonato do Mundo do Egipto, em janeiro de 2021.<\/p>\n<p>O t\u00e9cnico nacional, Jos\u00e9 Pereira Kido, disse, \u00e0 R\u00e1dio 5, que est\u00e1 a gostar da entrega dos seus rapazes, apesar de n\u00e3o ter equipas para fazer jogos de controlo durante a prepara\u00e7\u00e3o da pr\u00e9-sele\u00e7\u00e3o. Clique no \u00e1udio, em baixo, e ou\u00e7a com mais desenvolvimento na reportagem:<\/p>\n\t<div class=\"qtmplayer-playlist-large\">\n\t\t<ul class=\"qtmplayer-playlist\">\n\t\t\t\n\t\t\t\t\t<li class=\"qtmplayer-trackitem\">\n\t\t<img src=\"https:\/\/rna.ao\/rna.ao\/wp-content\/uploads\/2020\/11\/Jose-Pereira-Kido-100x100.jpg\" alt=\"cover\">\t\t<span \t\t\tdata-qtmplayer-cover=\"https:\/\/rna.ao\/rna.ao\/wp-content\/uploads\/2020\/11\/Jose-Pereira-Kido.jpg\"\n\t\t\t\t\t\tdata-qtmplayer-file=\"https:\/\/rna.ao\/rna.ao\/wp-content\/uploads\/2020\/12\/20H30-2-AMILCAR-SILVERIO-17-12-20.mp3\"\n\t\t\t\t\t\tdata-qtmplayer-title=\"Andebol: T\u00e9cnico da sele\u00e7\u00e3o lamenta falta de equipas para jogos de controlo\"\n\t\t\t\t\t\tdata-qtmplayer-artist=\"RNA\"\n\t\t\t\t\t\tdata-qtmplayer-link=\"https:\/\/rna.ao\/rna.ao\/2020\/12\/18\/andebol-tecnico-da-selecao-lamenta-falta-de-equipas-para-jogos-de-controlo\/\"\n\t\t\t\t\t\tdata-qtmplayer-icon=\"file_download\"\n\t\t\t\t\t\tdata-qtmplayer-type=\"track\"\n\t\t\t class=\"qtmplayer-play qtmplayer-link-sec qtmplayer-play-btn\"><i class='material-icons'>play_arrow<\/i><\/span>\n\t\t<p>\n\t\t\t<span class=\"qtmplayer-tit\">Andebol: T\u00e9cnico da sele\u00e7\u00e3o lamenta falta de equipas para jogos de controlo<\/span>\n\t\t\t<span class=\"qtmplayer-art\">RNA<\/span>\n\t\t<\/p>\n\t<\/li>\n\t\t<\/ul>\n\t<\/div>\t\t\t\n\t\n<p>Fonte: R\u00e1dio 5\/RNA &#8211; Jornalista Am\u00edlcar Silv\u00e9rio<\/p>\n","protected":false},"excerpt":{"rendered":"<p>A pr\u00e9-sele\u00e7\u00e3o angolana de andebol masculino continua a trabalhar, na prov\u00edncia da Hu\u00edla, para aumentar os \u00edndices competitivos, para atacar o Campeonato do Mundo do Egipto, em janeiro de 2021. O t\u00e9cnico nacional, Jos\u00e9 Pereira Kido, disse, \u00e0 R\u00e1dio 5, que est\u00e1 a gostar da entrega dos seus rapazes, apesar ...<\/p>\n","protected":false},"author":8,"featured_media":12007,"comment_status":"closed","ping_status":"closed","sticky":false,"template":"","format":"standard","meta":[],"categories":[145,125],"tags":[],"_links":{"self":[{"href":"https:\/\/rna.ao\/rna.ao\/wp-json\/wp\/v2\/posts\/13349"}],"collection":[{"href":"https:\/\/rna.ao\/rna.ao\/wp-json\/wp\/v2\/posts"}],"about":[{"href":"https:\/\/rna.ao\/rna.ao\/wp-json\/wp\/v2\/types\/post"}],"author":[{"embeddable":true,"href":"https:\/\/rna.ao\/rna.ao\/wp-json\/wp\/v2\/users\/8"}],"replies":[{"embeddable":true,"href":"https:\/\/rna.ao\/rna.ao\/wp-json\/wp\/v2\/comments?post=13349"}],"version-history":[{"count":1,"href":"https:\/\/rna.ao\/rna.ao\/wp-json\/wp\/v2\/posts\/13349\/revisions"}],"predecessor-version":[{"id":13351,"href":"https:\/\/rna.ao\/rna.ao\/wp-json\/wp\/v2\/posts\/13349\/revisions\/13351"}],"wp:featuredmedia":[{"embeddable":true,"href":"https:\/\/rna.ao\/rna.ao\/wp-json\/wp\/v2\/media\/12007"}],"wp:attachment":[{"href":"https:\/\/rna.ao\/rna.ao\/wp-json\/wp\/v2\/media?parent=13349"}],"wp:term":[{"taxonomy":"category","embeddable":true,"href":"https:\/\/rna.ao\/rna.ao\/wp-json\/wp\/v2\/categories?post=13349"},{"taxonomy":"post_tag","embeddable":true,"href":"https:\/\/rna.ao\/rna.ao\/wp-json\/wp\/v2\/tags?post=13349"}],"curies":[{"name":"wp","href":"https:\/\/api.w.org\/{rel}","templated":true}]}}