{"id":13344,"date":"2020-12-18T06:32:13","date_gmt":"2020-12-18T05:32:13","guid":{"rendered":"https:\/\/rna.ao\/rna.ao\/?p=13344"},"modified":"2020-12-18T07:27:17","modified_gmt":"2020-12-18T06:27:17","slug":"neide-diassonema-conquista-ouro-para-angola-no-africano-de-judo","status":"publish","type":"post","link":"https:\/\/rna.ao\/rna.ao\/2020\/12\/18\/neide-diassonema-conquista-ouro-para-angola-no-africano-de-judo\/","title":{"rendered":"Neide Diassonema conquista &#8220;ouro&#8221; para Angola no Africano de Judo"},"content":{"rendered":"<p><img loading=\"lazy\" class=\"wp-image-13346 alignleft\" src=\"https:\/\/rna.ao\/rna.ao\/wp-content\/uploads\/2020\/12\/Neide-Diassonema-judoca-angolana.jpg\" alt=\"\" width=\"299\" height=\"214\" \/>A judoca angolana, Neide Diassonema (na foto), conquistou quinta-feira, 17\/12, em Antananarivo, a medalha de ouro, na categoria de menos de cinquenta e tr\u00eas quilogramas, no Campeonato Africano de Judo, no Madag\u00e1scar.<\/p>\n<p>Neide Diassonema, apesar de estar parada devido a pandemia da Covid-19, prometeu continuar a trabalhar na sua performance, com o objectivo de atingir a sua meta que s\u00e3o os Jogos ol\u00edmpicos de T\u00f3quio. Clique no \u00e1udio, em baixo, e ou\u00e7a:<\/p>\n\t<div class=\"qtmplayer-playlist-large\">\n\t\t<ul class=\"qtmplayer-playlist\">\n\t\t\t\n\t\t\t\t\t<li class=\"qtmplayer-trackitem\">\n\t\t<img src=\"https:\/\/rna.ao\/rna.ao\/wp-content\/uploads\/2020\/12\/Neide-judoca-100x100.jpg\" alt=\"cover\">\t\t<span \t\t\tdata-qtmplayer-cover=\"https:\/\/rna.ao\/rna.ao\/wp-content\/uploads\/2020\/12\/Neide-judoca.jpg\"\n\t\t\t\t\t\tdata-qtmplayer-file=\"https:\/\/rna.ao\/rna.ao\/wp-content\/uploads\/2020\/12\/20H30-1-NEIDY-DIASSONEMA-17-12-20.mp3\"\n\t\t\t\t\t\tdata-qtmplayer-title=\"Neide Diassonema conquista &#8220;ouro&#8221; para Angola no Africano de Judo\"\n\t\t\t\t\t\tdata-qtmplayer-artist=\"RNA\"\n\t\t\t\t\t\tdata-qtmplayer-link=\"https:\/\/rna.ao\/rna.ao\/2020\/12\/18\/neide-diassonema-conquista-ouro-para-angola-no-africano-de-judo\/\"\n\t\t\t\t\t\tdata-qtmplayer-icon=\"file_download\"\n\t\t\t\t\t\tdata-qtmplayer-type=\"track\"\n\t\t\t class=\"qtmplayer-play qtmplayer-link-sec qtmplayer-play-btn\"><i class='material-icons'>play_arrow<\/i><\/span>\n\t\t<p>\n\t\t\t<span class=\"qtmplayer-tit\">Neide Diassonema conquista &#8220;ouro&#8221; para Angola no Africano de Judo<\/span>\n\t\t\t<span class=\"qtmplayer-art\">RNA<\/span>\n\t\t<\/p>\n\t<\/li>\n\t\t<\/ul>\n\t<\/div>\t\t\t\n\t\n<p>Fonte: R\u00e1dio 5\/RNA<\/p>\n","protected":false},"excerpt":{"rendered":"<p>A judoca angolana, Neide Diassonema (na foto), conquistou quinta-feira, 17\/12, em Antananarivo, a medalha de ouro, na categoria de menos de cinquenta e tr\u00eas quilogramas, no Campeonato Africano de Judo, no Madag\u00e1scar. Neide Diassonema, apesar de estar parada devido a pandemia da Covid-19, prometeu continuar a trabalhar na sua performance, ...<\/p>\n","protected":false},"author":8,"featured_media":13366,"comment_status":"closed","ping_status":"closed","sticky":false,"template":"","format":"standard","meta":[],"categories":[145,125,164,163],"tags":[],"_links":{"self":[{"href":"https:\/\/rna.ao\/rna.ao\/wp-json\/wp\/v2\/posts\/13344"}],"collection":[{"href":"https:\/\/rna.ao\/rna.ao\/wp-json\/wp\/v2\/posts"}],"about":[{"href":"https:\/\/rna.ao\/rna.ao\/wp-json\/wp\/v2\/types\/post"}],"author":[{"embeddable":true,"href":"https:\/\/rna.ao\/rna.ao\/wp-json\/wp\/v2\/users\/8"}],"replies":[{"embeddable":true,"href":"https:\/\/rna.ao\/rna.ao\/wp-json\/wp\/v2\/comments?post=13344"}],"version-history":[{"count":2,"href":"https:\/\/rna.ao\/rna.ao\/wp-json\/wp\/v2\/posts\/13344\/revisions"}],"predecessor-version":[{"id":13348,"href":"https:\/\/rna.ao\/rna.ao\/wp-json\/wp\/v2\/posts\/13344\/revisions\/13348"}],"wp:featuredmedia":[{"embeddable":true,"href":"https:\/\/rna.ao\/rna.ao\/wp-json\/wp\/v2\/media\/13366"}],"wp:attachment":[{"href":"https:\/\/rna.ao\/rna.ao\/wp-json\/wp\/v2\/media?parent=13344"}],"wp:term":[{"taxonomy":"category","embeddable":true,"href":"https:\/\/rna.ao\/rna.ao\/wp-json\/wp\/v2\/categories?post=13344"},{"taxonomy":"post_tag","embeddable":true,"href":"https:\/\/rna.ao\/rna.ao\/wp-json\/wp\/v2\/tags?post=13344"}],"curies":[{"name":"wp","href":"https:\/\/api.w.org\/{rel}","templated":true}]}}