{"id":13341,"date":"2020-12-18T06:20:13","date_gmt":"2020-12-18T05:20:13","guid":{"rendered":"https:\/\/rna.ao\/rna.ao\/?p=13341"},"modified":"2020-12-18T06:20:13","modified_gmt":"2020-12-18T05:20:13","slug":"primeira-dama-da-republica-lanca-hoje-plataforma-dikota-e-6-0","status":"publish","type":"post","link":"https:\/\/rna.ao\/rna.ao\/2020\/12\/18\/primeira-dama-da-republica-lanca-hoje-plataforma-dikota-e-6-0\/","title":{"rendered":"Primeira-Dama da Rep\u00fablica lan\u00e7a hoje plataforma &#8220;Dikota E-6.0&#8221;"},"content":{"rendered":"<p><img loading=\"lazy\" class=\"size-full wp-image-13312 alignleft\" src=\"https:\/\/rna.ao\/rna.ao\/wp-content\/uploads\/2020\/12\/Ana-Dias-Lourenco.jpg\" alt=\"\" width=\"306\" height=\"165\" \/>A Primeira-Dama da Rep\u00fablica, Ana Dias Louren\u00e7o, procede esta sexta-feira, 18\/12, ao lan\u00e7amento da plataforma &#8220;Dikota E-6.0&#8221;, uma iniciativa que tem como prop\u00f3sito a valoriza\u00e7\u00e3o da transfer\u00eancia de conhecimento intergeracional, e a transmiss\u00e3o de valores e saberes no seio das comunidades.<\/p>\n<p>A iniciativa visa valorizar a experi\u00eancia e o conhecimento dos seniores e, simultaneamente, explorar a capacidade e o dom\u00ednio dos jovens nas \u00e1reas de conhecimento, promovendo uma vantajosa partilha de saberes entre as duas gera\u00e7\u00f5es atrav\u00e9s de ac\u00e7\u00f5es de forma\u00e7\u00e3o e programas de mentoria. Clique no \u00e1udio, em baixo, e ou\u00e7a com mais desenvolvimento na reportagem:<\/p>\n\t<div class=\"qtmplayer-playlist-large\">\n\t\t<ul class=\"qtmplayer-playlist\">\n\t\t\t\n\t\t\t\t\t<li class=\"qtmplayer-trackitem\">\n\t\t<img src=\"https:\/\/rna.ao\/rna.ao\/wp-content\/uploads\/2020\/10\/Ana-Dias-Lourenco-100x100.jpg\" alt=\"cover\">\t\t<span \t\t\tdata-qtmplayer-cover=\"https:\/\/rna.ao\/rna.ao\/wp-content\/uploads\/2020\/10\/Ana-Dias-Lourenco.jpg\"\n\t\t\t\t\t\tdata-qtmplayer-file=\"https:\/\/rna.ao\/rna.ao\/wp-content\/uploads\/2020\/12\/VANIA-VARELA-6HRS.mp3\"\n\t\t\t\t\t\tdata-qtmplayer-title=\"Primeira-Dama da Rep\u00fablica lan\u00e7a hoje plataforma &#8220;Dikota E-6.0&#8221;\"\n\t\t\t\t\t\tdata-qtmplayer-artist=\"RNA\"\n\t\t\t\t\t\tdata-qtmplayer-link=\"https:\/\/rna.ao\/rna.ao\/2020\/12\/18\/primeira-dama-da-republica-lanca-hoje-plataforma-dikota-e-6-0\/\"\n\t\t\t\t\t\tdata-qtmplayer-icon=\"file_download\"\n\t\t\t\t\t\tdata-qtmplayer-type=\"track\"\n\t\t\t class=\"qtmplayer-play qtmplayer-link-sec qtmplayer-play-btn\"><i class='material-icons'>play_arrow<\/i><\/span>\n\t\t<p>\n\t\t\t<span class=\"qtmplayer-tit\">Primeira-Dama da Rep\u00fablica lan\u00e7a hoje plataforma &#8220;Dikota E-6.0&#8221;<\/span>\n\t\t\t<span class=\"qtmplayer-art\">RNA<\/span>\n\t\t<\/p>\n\t<\/li>\n\t\t<\/ul>\n\t<\/div>\t\t\t\n\t\n<p>Fonte: RNA &#8211; Jornalista V\u00e2nia Varela.<\/p>\n","protected":false},"excerpt":{"rendered":"<p>A Primeira-Dama da Rep\u00fablica, Ana Dias Louren\u00e7o, procede esta sexta-feira, 18\/12, ao lan\u00e7amento da plataforma &#8220;Dikota E-6.0&#8221;, uma iniciativa que tem como prop\u00f3sito a valoriza\u00e7\u00e3o da transfer\u00eancia de conhecimento intergeracional, e a transmiss\u00e3o de valores e saberes no seio das comunidades. A iniciativa visa valorizar a experi\u00eancia e o conhecimento ...<\/p>\n","protected":false},"author":8,"featured_media":7253,"comment_status":"closed","ping_status":"closed","sticky":false,"template":"","format":"standard","meta":[],"categories":[163],"tags":[],"_links":{"self":[{"href":"https:\/\/rna.ao\/rna.ao\/wp-json\/wp\/v2\/posts\/13341"}],"collection":[{"href":"https:\/\/rna.ao\/rna.ao\/wp-json\/wp\/v2\/posts"}],"about":[{"href":"https:\/\/rna.ao\/rna.ao\/wp-json\/wp\/v2\/types\/post"}],"author":[{"embeddable":true,"href":"https:\/\/rna.ao\/rna.ao\/wp-json\/wp\/v2\/users\/8"}],"replies":[{"embeddable":true,"href":"https:\/\/rna.ao\/rna.ao\/wp-json\/wp\/v2\/comments?post=13341"}],"version-history":[{"count":1,"href":"https:\/\/rna.ao\/rna.ao\/wp-json\/wp\/v2\/posts\/13341\/revisions"}],"predecessor-version":[{"id":13343,"href":"https:\/\/rna.ao\/rna.ao\/wp-json\/wp\/v2\/posts\/13341\/revisions\/13343"}],"wp:featuredmedia":[{"embeddable":true,"href":"https:\/\/rna.ao\/rna.ao\/wp-json\/wp\/v2\/media\/7253"}],"wp:attachment":[{"href":"https:\/\/rna.ao\/rna.ao\/wp-json\/wp\/v2\/media?parent=13341"}],"wp:term":[{"taxonomy":"category","embeddable":true,"href":"https:\/\/rna.ao\/rna.ao\/wp-json\/wp\/v2\/categories?post=13341"},{"taxonomy":"post_tag","embeddable":true,"href":"https:\/\/rna.ao\/rna.ao\/wp-json\/wp\/v2\/tags?post=13341"}],"curies":[{"name":"wp","href":"https:\/\/api.w.org\/{rel}","templated":true}]}}