{"id":13338,"date":"2020-12-18T06:11:40","date_gmt":"2020-12-18T05:11:40","guid":{"rendered":"https:\/\/rna.ao\/rna.ao\/?p=13338"},"modified":"2020-12-18T06:11:40","modified_gmt":"2020-12-18T05:11:40","slug":"angola-demarca-se-de-envolvimento-nas-eleicoes-americanas","status":"publish","type":"post","link":"https:\/\/rna.ao\/rna.ao\/2020\/12\/18\/angola-demarca-se-de-envolvimento-nas-eleicoes-americanas\/","title":{"rendered":"Angola demarca-se de envolvimento nas Elei\u00e7\u00f5es Americanas"},"content":{"rendered":"<p><img loading=\"lazy\" class=\" wp-image-8716\" src=\"https:\/\/rna.ao\/rna.ao\/wp-content\/uploads\/2020\/10\/Bandeira-Angola.jpg\" alt=\"\" width=\"398\" height=\"224\" \/><\/p>\n<p>Os \u00d3rg\u00e3os Auxiliares do Presidente da Rep\u00fablica de demarcam-se de um suposto envolvimento, de Leandro Pascoal Paulino, seu ex-funcion\u00e1rio, na campanha \u00e0s elei\u00e7\u00f5es presidenciais nos Estados Unidos da Am\u00e9rica.<\/p>\n<p>Um comunicado dos \u00d3rg\u00e3os Auxiliares do Presidente da Rep\u00fablica sublinha, que o ex-funcion\u00e1rio participa na referida campanha, como mobilizador de apoio internacional atrav\u00e9s de plataformas digitais.<\/p>\n<p>Os \u00d3rg\u00e3os Auxiliares do Presidente da Rep\u00fablica demarcam-se de modo inequ\u00edvoco, desse envolvimento, dos poss\u00edveis afeitos dele decorrentes e de outras ac\u00e7\u00f5es eventualmente praticadas suscept\u00edveis de envolverem as institui\u00e7\u00f5es representativas do Estado Angolano&#8221;, l\u00ea-se no Comunicado.<\/p>\n<p>O documento alerta a opini\u00e3o p\u00fablica que os \u00d3rg\u00e3os Auxiliares do Presidente da rep\u00fablica, n\u00e3o assumem qualquer responsabilidade por eventuais contactos e compromissos assumidos pelo cidad\u00e3o em causa, junto de institui\u00e7\u00f5es, empresas e pessoas singulares nacionais e estrangeiras.<\/p>\n","protected":false},"excerpt":{"rendered":"<p>Os \u00d3rg\u00e3os Auxiliares do Presidente da Rep\u00fablica de demarcam-se de um suposto envolvimento, de Leandro Pascoal Paulino, seu ex-funcion\u00e1rio, na campanha \u00e0s elei\u00e7\u00f5es presidenciais nos Estados Unidos da Am\u00e9rica. Um comunicado dos \u00d3rg\u00e3os Auxiliares do Presidente da Rep\u00fablica sublinha, que o ex-funcion\u00e1rio participa na referida campanha, como mobilizador de apoio ...<\/p>\n","protected":false},"author":8,"featured_media":8716,"comment_status":"closed","ping_status":"closed","sticky":false,"template":"","format":"standard","meta":[],"categories":[163],"tags":[],"_links":{"self":[{"href":"https:\/\/rna.ao\/rna.ao\/wp-json\/wp\/v2\/posts\/13338"}],"collection":[{"href":"https:\/\/rna.ao\/rna.ao\/wp-json\/wp\/v2\/posts"}],"about":[{"href":"https:\/\/rna.ao\/rna.ao\/wp-json\/wp\/v2\/types\/post"}],"author":[{"embeddable":true,"href":"https:\/\/rna.ao\/rna.ao\/wp-json\/wp\/v2\/users\/8"}],"replies":[{"embeddable":true,"href":"https:\/\/rna.ao\/rna.ao\/wp-json\/wp\/v2\/comments?post=13338"}],"version-history":[{"count":1,"href":"https:\/\/rna.ao\/rna.ao\/wp-json\/wp\/v2\/posts\/13338\/revisions"}],"predecessor-version":[{"id":13340,"href":"https:\/\/rna.ao\/rna.ao\/wp-json\/wp\/v2\/posts\/13338\/revisions\/13340"}],"wp:featuredmedia":[{"embeddable":true,"href":"https:\/\/rna.ao\/rna.ao\/wp-json\/wp\/v2\/media\/8716"}],"wp:attachment":[{"href":"https:\/\/rna.ao\/rna.ao\/wp-json\/wp\/v2\/media?parent=13338"}],"wp:term":[{"taxonomy":"category","embeddable":true,"href":"https:\/\/rna.ao\/rna.ao\/wp-json\/wp\/v2\/categories?post=13338"},{"taxonomy":"post_tag","embeddable":true,"href":"https:\/\/rna.ao\/rna.ao\/wp-json\/wp\/v2\/tags?post=13338"}],"curies":[{"name":"wp","href":"https:\/\/api.w.org\/{rel}","templated":true}]}}