{"id":131993,"date":"2024-02-17T08:15:26","date_gmt":"2024-02-17T07:15:26","guid":{"rendered":"https:\/\/rna.ao\/rna.ao\/?p=131993"},"modified":"2024-02-17T08:15:26","modified_gmt":"2024-02-17T07:15:26","slug":"economistas-sinalizam-ganhos-assinalaveis-com-a-entrada-em-funcionamento-do-corredor-do-lobito-na-sadc","status":"publish","type":"post","link":"https:\/\/rna.ao\/rna.ao\/2024\/02\/17\/economistas-sinalizam-ganhos-assinalaveis-com-a-entrada-em-funcionamento-do-corredor-do-lobito-na-sadc\/","title":{"rendered":"Economistas sinalizam ganhos assinal\u00e1veis com a entrada em funcionamento do Corredor do Lobito na SADC"},"content":{"rendered":"<p><img loading=\"lazy\" class=\"wp-image-108284 alignleft\" src=\"https:\/\/rna.ao\/rna.ao\/wp-content\/uploads\/2023\/07\/corredor_do_lobito_.jpg\" alt=\"\" width=\"381\" height=\"218\" \/>Os pa\u00edses da SADC, v\u00e3o colher ganhos assinal\u00e1veis com a entrada em funcionamento do Corredor do Lobito. A vertente econ\u00f3mica \u00e9 a que vai ter resultados pr\u00e1ticos como \u00e9 o caso da gera\u00e7\u00e3o de emprego, como sustentam especialistas, que aplaudem os investimentos que est\u00e3o a ser realizados. O projecto \u00e9 tamb\u00e9m um hino a integra\u00e7\u00e3o regional, concluem os especialistas. Clique, no \u00e1udio abaixo, e saiba mais com o jornalista Martinho Chingue:<\/p>\n\t<div class=\"qtmplayer-playlist-large\">\n\t\t<ul class=\"qtmplayer-playlist\">\n\t\t\t\n\t\t\t\t\t<li class=\"qtmplayer-trackitem\">\n\t\t<img src=\"https:\/\/rna.ao\/rna.ao\/wp-content\/uploads\/2023\/05\/Corredor-do-porto-do-Lobitoo-100x100.jpg\" alt=\"cover\">\t\t<span \t\t\tdata-qtmplayer-cover=\"https:\/\/rna.ao\/rna.ao\/wp-content\/uploads\/2023\/05\/Corredor-do-porto-do-Lobitoo.jpg\"\n\t\t\t\t\t\tdata-qtmplayer-file=\"https:\/\/rna.ao\/rna.ao\/wp-content\/uploads\/2024\/02\/MARTINHO-CHINGUI-07-HRS.mp3\"\n\t\t\t\t\t\tdata-qtmplayer-title=\"Economistas sinalizam ganhos assinal\u00e1veis com a entrada em funcionamento do Corredor do Lobito na SADC\"\n\t\t\t\t\t\tdata-qtmplayer-artist=\"RNA\"\n\t\t\t\t\t\tdata-qtmplayer-link=\"https:\/\/rna.ao\/rna.ao\/2024\/02\/17\/economistas-sinalizam-ganhos-assinalaveis-com-a-entrada-em-funcionamento-do-corredor-do-lobito-na-sadc\/\"\n\t\t\t\t\t\tdata-qtmplayer-icon=\"file_download\"\n\t\t\t\t\t\tdata-qtmplayer-type=\"track\"\n\t\t\t class=\"qtmplayer-play qtmplayer-link-sec qtmplayer-play-btn\"><i class='material-icons'>play_arrow<\/i><\/span>\n\t\t<p>\n\t\t\t<span class=\"qtmplayer-tit\">Economistas sinalizam ganhos assinal\u00e1veis com a entrada em funcionamento do Corredor do Lobito na SADC<\/span>\n\t\t\t<span class=\"qtmplayer-art\">RNA<\/span>\n\t\t<\/p>\n\t<\/li>\n\t\t<\/ul>\n\t<\/div>\t\t\t\n\t\n","protected":false},"excerpt":{"rendered":"<p>Os pa\u00edses da SADC, v\u00e3o colher ganhos assinal\u00e1veis com a entrada em funcionamento do Corredor do Lobito. A vertente econ\u00f3mica \u00e9 a que vai ter resultados pr\u00e1ticos como \u00e9 o caso da gera\u00e7\u00e3o de emprego, como sustentam especialistas, que aplaudem os investimentos que est\u00e3o a ser realizados. O projecto \u00e9 ...<\/p>\n","protected":false},"author":8,"featured_media":104519,"comment_status":"closed","ping_status":"closed","sticky":false,"template":"","format":"standard","meta":[],"categories":[142,121,164,163],"tags":[],"_links":{"self":[{"href":"https:\/\/rna.ao\/rna.ao\/wp-json\/wp\/v2\/posts\/131993"}],"collection":[{"href":"https:\/\/rna.ao\/rna.ao\/wp-json\/wp\/v2\/posts"}],"about":[{"href":"https:\/\/rna.ao\/rna.ao\/wp-json\/wp\/v2\/types\/post"}],"author":[{"embeddable":true,"href":"https:\/\/rna.ao\/rna.ao\/wp-json\/wp\/v2\/users\/8"}],"replies":[{"embeddable":true,"href":"https:\/\/rna.ao\/rna.ao\/wp-json\/wp\/v2\/comments?post=131993"}],"version-history":[{"count":1,"href":"https:\/\/rna.ao\/rna.ao\/wp-json\/wp\/v2\/posts\/131993\/revisions"}],"predecessor-version":[{"id":131995,"href":"https:\/\/rna.ao\/rna.ao\/wp-json\/wp\/v2\/posts\/131993\/revisions\/131995"}],"wp:featuredmedia":[{"embeddable":true,"href":"https:\/\/rna.ao\/rna.ao\/wp-json\/wp\/v2\/media\/104519"}],"wp:attachment":[{"href":"https:\/\/rna.ao\/rna.ao\/wp-json\/wp\/v2\/media?parent=131993"}],"wp:term":[{"taxonomy":"category","embeddable":true,"href":"https:\/\/rna.ao\/rna.ao\/wp-json\/wp\/v2\/categories?post=131993"},{"taxonomy":"post_tag","embeddable":true,"href":"https:\/\/rna.ao\/rna.ao\/wp-json\/wp\/v2\/tags?post=131993"}],"curies":[{"name":"wp","href":"https:\/\/api.w.org\/{rel}","templated":true}]}}