{"id":130091,"date":"2024-01-27T09:16:59","date_gmt":"2024-01-27T08:16:59","guid":{"rendered":"https:\/\/rna.ao\/rna.ao\/?p=130091"},"modified":"2024-01-27T09:16:59","modified_gmt":"2024-01-27T08:16:59","slug":"palancas-negras-querem-fazer-historia-no-can-da-cote-divoire-angolanos-expectantes-quanto-a-exibicao-da-seleccao","status":"publish","type":"post","link":"https:\/\/rna.ao\/rna.ao\/2024\/01\/27\/palancas-negras-querem-fazer-historia-no-can-da-cote-divoire-angolanos-expectantes-quanto-a-exibicao-da-seleccao\/","title":{"rendered":"Palancas Negras querem fazer hist\u00f3ria no CAN da Cote D\u2019ivoire. Angolanos expectantes quanto a exibi\u00e7\u00e3o da selec\u00e7\u00e3o"},"content":{"rendered":"<p><img loading=\"lazy\" class=\"wp-image-130095 alignleft\" src=\"https:\/\/rna.ao\/rna.ao\/wp-content\/uploads\/2024\/01\/417439592_680607737566337_7524093746098334812_n-770x500.jpg\" alt=\"\" width=\"306\" height=\"199\" srcset=\"https:\/\/rna.ao\/rna.ao\/wp-content\/uploads\/2024\/01\/417439592_680607737566337_7524093746098334812_n-770x500.jpg 770w, https:\/\/rna.ao\/rna.ao\/wp-content\/uploads\/2024\/01\/417439592_680607737566337_7524093746098334812_n-768x498.jpg 768w, https:\/\/rna.ao\/rna.ao\/wp-content\/uploads\/2024\/01\/417439592_680607737566337_7524093746098334812_n.jpg 1000w\" sizes=\"(max-width: 306px) 100vw, 306px\" \/>Os Palancas Negras n\u00e3o estar\u00e3o sozinhos em Bouak\u00ea e no Est\u00e1dio da Paz, segundo Dibondo Abr\u00e3o, o chefe da claque, ela que ter\u00e1 a responsabilidade de apoiar a nossa selec\u00e7\u00e3o nacional, e ressalta a expectativa com que se est\u00e1 a viver o que ser\u00e1 o jogo. Clique no \u00e1udio e ou\u00e7a:<\/p>\n\t<div class=\"qtmplayer-playlist-large\">\n\t\t<ul class=\"qtmplayer-playlist\">\n\t\t\t\n\t\t\t\t\t<li class=\"qtmplayer-trackitem\">\n\t\t<img src=\"https:\/\/rna.ao\/rna.ao\/wp-content\/uploads\/2020\/10\/auxilio-jacob-100x100.jpg\" alt=\"cover\">\t\t<span \t\t\tdata-qtmplayer-cover=\"https:\/\/rna.ao\/rna.ao\/wp-content\/uploads\/2020\/10\/auxilio-jacob-370x370.jpg\"\n\t\t\t\t\t\tdata-qtmplayer-file=\"https:\/\/rna.ao\/rna.ao\/wp-content\/uploads\/2024\/01\/4-DIBONDO-ABRAAO-26-01-24.mp3\"\n\t\t\t\t\t\tdata-qtmplayer-title=\"Palancas Negras querem fazer hist\u00f3ria no CAN da Cote D\u2019ivoire. Angolanos expectantes quanto a exibi\u00e7\u00e3o da selec\u00e7\u00e3o\"\n\t\t\t\t\t\tdata-qtmplayer-artist=\"RNA\"\n\t\t\t\t\t\tdata-qtmplayer-link=\"https:\/\/rna.ao\/rna.ao\/2024\/01\/27\/palancas-negras-querem-fazer-historia-no-can-da-cote-divoire-angolanos-expectantes-quanto-a-exibicao-da-seleccao\/\"\n\t\t\t\t\t\tdata-qtmplayer-icon=\"file_download\"\n\t\t\t\t\t\tdata-qtmplayer-type=\"track\"\n\t\t\t class=\"qtmplayer-play qtmplayer-link-sec qtmplayer-play-btn\"><i class='material-icons'>play_arrow<\/i><\/span>\n\t\t<p>\n\t\t\t<span class=\"qtmplayer-tit\">Palancas Negras querem fazer hist\u00f3ria no CAN da Cote D\u2019ivoire. Angolanos expectantes quanto a exibi\u00e7\u00e3o da selec\u00e7\u00e3o<\/span>\n\t\t\t<span class=\"qtmplayer-art\">RNA<\/span>\n\t\t<\/p>\n\t<\/li>\n\t\t<\/ul>\n\t<\/div>\t\t\t\n\t\n<p>O pa\u00eds est\u00e1 expectante e torce pela vit\u00f3ria. Aux\u00edlio Jacob, Administrador Municipal de Cacuaco, um desportista por excel\u00eancia, tem a receita para vergarmos os namibianos.\u00a0Clique no \u00e1udio e ou\u00e7a:<\/p>\n\t<div class=\"qtmplayer-playlist-large\">\n\t\t<ul class=\"qtmplayer-playlist\">\n\t\t\t\n\t\t\t\t\t<li class=\"qtmplayer-trackitem\">\n\t\t<img src=\"https:\/\/rna.ao\/rna.ao\/wp-content\/uploads\/2020\/10\/auxilio-jacob-100x100.jpg\" alt=\"cover\">\t\t<span \t\t\tdata-qtmplayer-cover=\"https:\/\/rna.ao\/rna.ao\/wp-content\/uploads\/2020\/10\/auxilio-jacob-370x370.jpg\"\n\t\t\t\t\t\tdata-qtmplayer-file=\"https:\/\/rna.ao\/rna.ao\/wp-content\/uploads\/2024\/01\/5-AUZILIO-JACOB-27-01-24.mp3\"\n\t\t\t\t\t\tdata-qtmplayer-title=\"Palancas Negras querem fazer hist\u00f3ria no CAN da Cote D\u2019ivoire. Angolanos expectantes quanto a exibi\u00e7\u00e3o da selec\u00e7\u00e3o\"\n\t\t\t\t\t\tdata-qtmplayer-artist=\"RNA\"\n\t\t\t\t\t\tdata-qtmplayer-link=\"https:\/\/rna.ao\/rna.ao\/2024\/01\/27\/palancas-negras-querem-fazer-historia-no-can-da-cote-divoire-angolanos-expectantes-quanto-a-exibicao-da-seleccao\/\"\n\t\t\t\t\t\tdata-qtmplayer-icon=\"file_download\"\n\t\t\t\t\t\tdata-qtmplayer-type=\"track\"\n\t\t\t class=\"qtmplayer-play qtmplayer-link-sec qtmplayer-play-btn\"><i class='material-icons'>play_arrow<\/i><\/span>\n\t\t<p>\n\t\t\t<span class=\"qtmplayer-tit\">Palancas Negras querem fazer hist\u00f3ria no CAN da Cote D\u2019ivoire. Angolanos expectantes quanto a exibi\u00e7\u00e3o da selec\u00e7\u00e3o<\/span>\n\t\t\t<span class=\"qtmplayer-art\">RNA<\/span>\n\t\t<\/p>\n\t<\/li>\n\t\t<\/ul>\n\t<\/div>\t\t\t\n\t\n<p>No mesmo diapas\u00e3o alinha J\u00falio de Brito o n\u00ba 1 da APF\/Benguela que, fala em nome dos milhares de filhos da prov\u00edncia. Clique no \u00e1udio e ou\u00e7a:<\/p>\n\t<div class=\"qtmplayer-playlist-large\">\n\t\t<ul class=\"qtmplayer-playlist\">\n\t\t\t\n\t\t\t\t\t<li class=\"qtmplayer-trackitem\">\n\t\t<img src=\"https:\/\/rna.ao\/rna.ao\/wp-content\/uploads\/2020\/10\/auxilio-jacob-100x100.jpg\" alt=\"cover\">\t\t<span \t\t\tdata-qtmplayer-cover=\"https:\/\/rna.ao\/rna.ao\/wp-content\/uploads\/2020\/10\/auxilio-jacob-370x370.jpg\"\n\t\t\t\t\t\tdata-qtmplayer-file=\"https:\/\/rna.ao\/rna.ao\/wp-content\/uploads\/2024\/01\/6-JULIO-DE-BRITO.mp3\"\n\t\t\t\t\t\tdata-qtmplayer-title=\"Palancas Negras querem fazer hist\u00f3ria no CAN da Cote D\u2019ivoire. Angolanos expectantes quanto a exibi\u00e7\u00e3o da selec\u00e7\u00e3o\"\n\t\t\t\t\t\tdata-qtmplayer-artist=\"RNA\"\n\t\t\t\t\t\tdata-qtmplayer-link=\"https:\/\/rna.ao\/rna.ao\/2024\/01\/27\/palancas-negras-querem-fazer-historia-no-can-da-cote-divoire-angolanos-expectantes-quanto-a-exibicao-da-seleccao\/\"\n\t\t\t\t\t\tdata-qtmplayer-icon=\"file_download\"\n\t\t\t\t\t\tdata-qtmplayer-type=\"track\"\n\t\t\t class=\"qtmplayer-play qtmplayer-link-sec qtmplayer-play-btn\"><i class='material-icons'>play_arrow<\/i><\/span>\n\t\t<p>\n\t\t\t<span class=\"qtmplayer-tit\">Palancas Negras querem fazer hist\u00f3ria no CAN da Cote D\u2019ivoire. Angolanos expectantes quanto a exibi\u00e7\u00e3o da selec\u00e7\u00e3o<\/span>\n\t\t\t<span class=\"qtmplayer-art\">RNA<\/span>\n\t\t<\/p>\n\t<\/li>\n\t\t<\/ul>\n\t<\/div>\t\t\t\n\t\n","protected":false},"excerpt":{"rendered":"<p>Os Palancas Negras n\u00e3o estar\u00e3o sozinhos em Bouak\u00ea e no Est\u00e1dio da Paz, segundo Dibondo Abr\u00e3o, o chefe da claque, ela que ter\u00e1 a responsabilidade de apoiar a nossa selec\u00e7\u00e3o nacional, e ressalta a expectativa com que se est\u00e1 a viver o que ser\u00e1 o jogo. Clique no \u00e1udio e ...<\/p>\n","protected":false},"author":8,"featured_media":9027,"comment_status":"closed","ping_status":"closed","sticky":false,"template":"","format":"standard","meta":[],"categories":[145,125,164],"tags":[],"_links":{"self":[{"href":"https:\/\/rna.ao\/rna.ao\/wp-json\/wp\/v2\/posts\/130091"}],"collection":[{"href":"https:\/\/rna.ao\/rna.ao\/wp-json\/wp\/v2\/posts"}],"about":[{"href":"https:\/\/rna.ao\/rna.ao\/wp-json\/wp\/v2\/types\/post"}],"author":[{"embeddable":true,"href":"https:\/\/rna.ao\/rna.ao\/wp-json\/wp\/v2\/users\/8"}],"replies":[{"embeddable":true,"href":"https:\/\/rna.ao\/rna.ao\/wp-json\/wp\/v2\/comments?post=130091"}],"version-history":[{"count":2,"href":"https:\/\/rna.ao\/rna.ao\/wp-json\/wp\/v2\/posts\/130091\/revisions"}],"predecessor-version":[{"id":130097,"href":"https:\/\/rna.ao\/rna.ao\/wp-json\/wp\/v2\/posts\/130091\/revisions\/130097"}],"wp:featuredmedia":[{"embeddable":true,"href":"https:\/\/rna.ao\/rna.ao\/wp-json\/wp\/v2\/media\/9027"}],"wp:attachment":[{"href":"https:\/\/rna.ao\/rna.ao\/wp-json\/wp\/v2\/media?parent=130091"}],"wp:term":[{"taxonomy":"category","embeddable":true,"href":"https:\/\/rna.ao\/rna.ao\/wp-json\/wp\/v2\/categories?post=130091"},{"taxonomy":"post_tag","embeddable":true,"href":"https:\/\/rna.ao\/rna.ao\/wp-json\/wp\/v2\/tags?post=130091"}],"curies":[{"name":"wp","href":"https:\/\/api.w.org\/{rel}","templated":true}]}}