{"id":130078,"date":"2024-01-27T08:47:06","date_gmt":"2024-01-27T07:47:06","guid":{"rendered":"https:\/\/rna.ao\/rna.ao\/?p=130078"},"modified":"2024-01-27T08:47:06","modified_gmt":"2024-01-27T07:47:06","slug":"divisao-politico-administrativa-distritos-urbanos-deixarao-de-existir-em-angola","status":"publish","type":"post","link":"https:\/\/rna.ao\/rna.ao\/2024\/01\/27\/divisao-politico-administrativa-distritos-urbanos-deixarao-de-existir-em-angola\/","title":{"rendered":"Divis\u00e3o pol\u00edtico-administrativa: Distritos urbanos deixar\u00e3o de existir em Angola"},"content":{"rendered":"<p><img loading=\"lazy\" class=\"size-full wp-image-130081 alignleft\" src=\"https:\/\/rna.ao\/rna.ao\/wp-content\/uploads\/2024\/01\/Dionisio-da-Fonseca-3.jpg\" alt=\"\" width=\"346\" height=\"231\" \/>A proposta de Lei da nova divis\u00e3o pol\u00edtico-administrativa do pa\u00eds j\u00e1 se encontra na Assembleia Nacional. O Ministro da Administra\u00e7\u00e3o do Territ\u00f3rio, Dion\u00edsio da Fonseca, disse que o documento j\u00e1 apreciado pelo Conselho de Ministros e pelo Conselho da Rep\u00fablica vai continuar a acolher contribui\u00e7\u00f5es. A cria\u00e7\u00e3o de servi\u00e7os p\u00fablicos em toda a extens\u00e3o do territ\u00f3rio nacional e a extin\u00e7\u00e3o dos distritos urbanos s\u00e3o algumas das novidades da proposta. Clique, no \u00e1udio abaixo, e saiba mais com o jornalista Manuel Esperan\u00e7a:<\/p>\n\t<div class=\"qtmplayer-playlist-large\">\n\t\t<ul class=\"qtmplayer-playlist\">\n\t\t\t\n\t\t\t\t\t<li class=\"qtmplayer-trackitem\">\n\t\t<img src=\"https:\/\/rna.ao\/rna.ao\/wp-content\/uploads\/2024\/01\/distritos-urbanos-100x100.png\" alt=\"cover\">\t\t<span \t\t\tdata-qtmplayer-cover=\"https:\/\/rna.ao\/rna.ao\/wp-content\/uploads\/2024\/01\/distritos-urbanos.png\"\n\t\t\t\t\t\tdata-qtmplayer-file=\"https:\/\/rna.ao\/rna.ao\/wp-content\/uploads\/2024\/01\/MANUEL-ESPERANCA-13HRS-4.mp3\"\n\t\t\t\t\t\tdata-qtmplayer-title=\"Divis\u00e3o pol\u00edtico-administrativa: Distritos urbanos deixar\u00e3o de existir em Angola\"\n\t\t\t\t\t\tdata-qtmplayer-artist=\"RNA\"\n\t\t\t\t\t\tdata-qtmplayer-link=\"https:\/\/rna.ao\/rna.ao\/2024\/01\/27\/divisao-politico-administrativa-distritos-urbanos-deixarao-de-existir-em-angola\/\"\n\t\t\t\t\t\tdata-qtmplayer-icon=\"file_download\"\n\t\t\t\t\t\tdata-qtmplayer-type=\"track\"\n\t\t\t class=\"qtmplayer-play qtmplayer-link-sec qtmplayer-play-btn\"><i class='material-icons'>play_arrow<\/i><\/span>\n\t\t<p>\n\t\t\t<span class=\"qtmplayer-tit\">Divis\u00e3o pol\u00edtico-administrativa: Distritos urbanos deixar\u00e3o de existir em Angola<\/span>\n\t\t\t<span class=\"qtmplayer-art\">RNA<\/span>\n\t\t<\/p>\n\t<\/li>\n\t\t<\/ul>\n\t<\/div>\t\t\t\n\t\n","protected":false},"excerpt":{"rendered":"<p>A proposta de Lei da nova divis\u00e3o pol\u00edtico-administrativa do pa\u00eds j\u00e1 se encontra na Assembleia Nacional. O Ministro da Administra\u00e7\u00e3o do Territ\u00f3rio, Dion\u00edsio da Fonseca, disse que o documento j\u00e1 apreciado pelo Conselho de Ministros e pelo Conselho da Rep\u00fablica vai continuar a acolher contribui\u00e7\u00f5es. A cria\u00e7\u00e3o de servi\u00e7os p\u00fablicos ...<\/p>\n","protected":false},"author":8,"featured_media":130080,"comment_status":"closed","ping_status":"closed","sticky":false,"template":"","format":"standard","meta":[],"categories":[142,121,164,163],"tags":[],"_links":{"self":[{"href":"https:\/\/rna.ao\/rna.ao\/wp-json\/wp\/v2\/posts\/130078"}],"collection":[{"href":"https:\/\/rna.ao\/rna.ao\/wp-json\/wp\/v2\/posts"}],"about":[{"href":"https:\/\/rna.ao\/rna.ao\/wp-json\/wp\/v2\/types\/post"}],"author":[{"embeddable":true,"href":"https:\/\/rna.ao\/rna.ao\/wp-json\/wp\/v2\/users\/8"}],"replies":[{"embeddable":true,"href":"https:\/\/rna.ao\/rna.ao\/wp-json\/wp\/v2\/comments?post=130078"}],"version-history":[{"count":1,"href":"https:\/\/rna.ao\/rna.ao\/wp-json\/wp\/v2\/posts\/130078\/revisions"}],"predecessor-version":[{"id":130082,"href":"https:\/\/rna.ao\/rna.ao\/wp-json\/wp\/v2\/posts\/130078\/revisions\/130082"}],"wp:featuredmedia":[{"embeddable":true,"href":"https:\/\/rna.ao\/rna.ao\/wp-json\/wp\/v2\/media\/130080"}],"wp:attachment":[{"href":"https:\/\/rna.ao\/rna.ao\/wp-json\/wp\/v2\/media?parent=130078"}],"wp:term":[{"taxonomy":"category","embeddable":true,"href":"https:\/\/rna.ao\/rna.ao\/wp-json\/wp\/v2\/categories?post=130078"},{"taxonomy":"post_tag","embeddable":true,"href":"https:\/\/rna.ao\/rna.ao\/wp-json\/wp\/v2\/tags?post=130078"}],"curies":[{"name":"wp","href":"https:\/\/api.w.org\/{rel}","templated":true}]}}