{"id":130072,"date":"2024-01-27T08:13:36","date_gmt":"2024-01-27T07:13:36","guid":{"rendered":"https:\/\/rna.ao\/rna.ao\/?p=130072"},"modified":"2024-01-27T08:13:36","modified_gmt":"2024-01-27T07:13:36","slug":"sinistralidade-rodoviaria-policia-nacional-vai-instalar-radares-inteligentes-para-reducao-de-acidentes","status":"publish","type":"post","link":"https:\/\/rna.ao\/rna.ao\/2024\/01\/27\/sinistralidade-rodoviaria-policia-nacional-vai-instalar-radares-inteligentes-para-reducao-de-acidentes\/","title":{"rendered":"Sinistralidade rodovi\u00e1ria: Pol\u00edcia Nacional vai instalar radares inteligentes para redu\u00e7\u00e3o de acidentes"},"content":{"rendered":"<p><img loading=\"lazy\" class=\"size-full wp-image-119756 alignleft\" src=\"https:\/\/rna.ao\/rna.ao\/wp-content\/uploads\/2023\/10\/taxistas-transito.jpg\" alt=\"\" width=\"366\" height=\"245\" \/>O pa\u00eds registou mais de 14 mil acidentes, mais de tr\u00eas mil mortos nas estradas em 2023. Os dados foram divulgados na primeira sess\u00e3o ordin\u00e1ria do Conselho Nacional de Via\u00e7\u00e3o e Ordenamento do Tr\u00e2nsito que foi orientada pela Vice-Presidente da Rep\u00fablica. No encontro tomou-se a decis\u00e3o de instala\u00e7\u00e3o de Radares inteligentes para inibir o excesso de velocidade a fim de se evitar mais acidentes de via\u00e7\u00e3o. Clique, no \u00e1udio abaixo, e saiba mais com a jornalista Patr\u00edcia Van-D\u00fanem Campos:<\/p>\n\t<div class=\"qtmplayer-playlist-large\">\n\t\t<ul class=\"qtmplayer-playlist\">\n\t\t\t\n\t\t\t\t\t<li class=\"qtmplayer-trackitem\">\n\t\t<img src=\"https:\/\/rna.ao\/rna.ao\/wp-content\/uploads\/2024\/01\/Esperanca-da-costa-e-transito-100x100.jpg\" alt=\"cover\">\t\t<span \t\t\tdata-qtmplayer-cover=\"https:\/\/rna.ao\/rna.ao\/wp-content\/uploads\/2024\/01\/Esperanca-da-costa-e-transito.jpg\"\n\t\t\t\t\t\tdata-qtmplayer-file=\"https:\/\/rna.ao\/rna.ao\/wp-content\/uploads\/2024\/01\/PATRICIA-VAN-DUNEM-CAMPOS-20H-BOMMM.mp3\"\n\t\t\t\t\t\tdata-qtmplayer-title=\"Sinistralidade rodovi\u00e1ria: Pol\u00edcia Nacional vai instalar radares inteligentes para redu\u00e7\u00e3o de acidentes\"\n\t\t\t\t\t\tdata-qtmplayer-artist=\"RNA\"\n\t\t\t\t\t\tdata-qtmplayer-link=\"https:\/\/rna.ao\/rna.ao\/2024\/01\/27\/sinistralidade-rodoviaria-policia-nacional-vai-instalar-radares-inteligentes-para-reducao-de-acidentes\/\"\n\t\t\t\t\t\tdata-qtmplayer-icon=\"file_download\"\n\t\t\t\t\t\tdata-qtmplayer-type=\"track\"\n\t\t\t class=\"qtmplayer-play qtmplayer-link-sec qtmplayer-play-btn\"><i class='material-icons'>play_arrow<\/i><\/span>\n\t\t<p>\n\t\t\t<span class=\"qtmplayer-tit\">Sinistralidade rodovi\u00e1ria: Pol\u00edcia Nacional vai instalar radares inteligentes para redu\u00e7\u00e3o de acidentes<\/span>\n\t\t\t<span class=\"qtmplayer-art\">RNA<\/span>\n\t\t<\/p>\n\t<\/li>\n\t\t<\/ul>\n\t<\/div>\t\t\t\n\t\n","protected":false},"excerpt":{"rendered":"<p>O pa\u00eds registou mais de 14 mil acidentes, mais de tr\u00eas mil mortos nas estradas em 2023. Os dados foram divulgados na primeira sess\u00e3o ordin\u00e1ria do Conselho Nacional de Via\u00e7\u00e3o e Ordenamento do Tr\u00e2nsito que foi orientada pela Vice-Presidente da Rep\u00fablica. No encontro tomou-se a decis\u00e3o de instala\u00e7\u00e3o de Radares ...<\/p>\n","protected":false},"author":8,"featured_media":130074,"comment_status":"closed","ping_status":"closed","sticky":false,"template":"","format":"standard","meta":[],"categories":[142,121,164,163],"tags":[],"_links":{"self":[{"href":"https:\/\/rna.ao\/rna.ao\/wp-json\/wp\/v2\/posts\/130072"}],"collection":[{"href":"https:\/\/rna.ao\/rna.ao\/wp-json\/wp\/v2\/posts"}],"about":[{"href":"https:\/\/rna.ao\/rna.ao\/wp-json\/wp\/v2\/types\/post"}],"author":[{"embeddable":true,"href":"https:\/\/rna.ao\/rna.ao\/wp-json\/wp\/v2\/users\/8"}],"replies":[{"embeddable":true,"href":"https:\/\/rna.ao\/rna.ao\/wp-json\/wp\/v2\/comments?post=130072"}],"version-history":[{"count":1,"href":"https:\/\/rna.ao\/rna.ao\/wp-json\/wp\/v2\/posts\/130072\/revisions"}],"predecessor-version":[{"id":130075,"href":"https:\/\/rna.ao\/rna.ao\/wp-json\/wp\/v2\/posts\/130072\/revisions\/130075"}],"wp:featuredmedia":[{"embeddable":true,"href":"https:\/\/rna.ao\/rna.ao\/wp-json\/wp\/v2\/media\/130074"}],"wp:attachment":[{"href":"https:\/\/rna.ao\/rna.ao\/wp-json\/wp\/v2\/media?parent=130072"}],"wp:term":[{"taxonomy":"category","embeddable":true,"href":"https:\/\/rna.ao\/rna.ao\/wp-json\/wp\/v2\/categories?post=130072"},{"taxonomy":"post_tag","embeddable":true,"href":"https:\/\/rna.ao\/rna.ao\/wp-json\/wp\/v2\/tags?post=130072"}],"curies":[{"name":"wp","href":"https:\/\/api.w.org\/{rel}","templated":true}]}}