{"id":130068,"date":"2024-01-27T08:08:00","date_gmt":"2024-01-27T07:08:00","guid":{"rendered":"https:\/\/rna.ao\/rna.ao\/?p=130068"},"modified":"2024-01-27T08:08:00","modified_gmt":"2024-01-27T07:08:00","slug":"populacao-do-lubalo-inquieta-sem-saber-o-que-fazer-por-conta-de-ataques-de-raposas","status":"publish","type":"post","link":"https:\/\/rna.ao\/rna.ao\/2024\/01\/27\/populacao-do-lubalo-inquieta-sem-saber-o-que-fazer-por-conta-de-ataques-de-raposas\/","title":{"rendered":"Popula\u00e7\u00e3o do Lubalo inquieta sem saber o que fazer por conta de ataques de raposas"},"content":{"rendered":"<p><img loading=\"lazy\" class=\"size-full wp-image-130070 alignleft\" src=\"https:\/\/rna.ao\/rna.ao\/wp-content\/uploads\/2024\/01\/af9xc485czyd3gaapawekg9mw.jpg\" alt=\"\" width=\"316\" height=\"198\" \/>A popula\u00e7\u00e3o do Municipio do Lubalo na Lunda-Norte pede interven\u00e7\u00e3o do governo local para tomar medidas que visam protege-las de ataques de raposas. A popula\u00e7\u00e3o do Munic\u00edpio do Lubalo est\u00e1 inquieta sem saber o que fazer. Clique, no \u00e1udio abaixo, e saiba mais com a jornalista Filomena Mununga:<\/p>\n\t<div class=\"qtmplayer-playlist-large\">\n\t\t<ul class=\"qtmplayer-playlist\">\n\t\t\t\n\t\t\t\t\t<li class=\"qtmplayer-trackitem\">\n\t\t<img src=\"https:\/\/rna.ao\/rna.ao\/wp-content\/uploads\/2024\/01\/af9xc485czyd3gaapawekg9mw-100x100.jpg\" alt=\"cover\">\t\t<span \t\t\tdata-qtmplayer-cover=\"https:\/\/rna.ao\/rna.ao\/wp-content\/uploads\/2024\/01\/af9xc485czyd3gaapawekg9mw.jpg\"\n\t\t\t\t\t\tdata-qtmplayer-file=\"https:\/\/rna.ao\/rna.ao\/wp-content\/uploads\/2024\/01\/LUNDA-NORTE-RAPOSAS.-20H.mp3\"\n\t\t\t\t\t\tdata-qtmplayer-title=\"Popula\u00e7\u00e3o do Lubalo inquieta sem saber o que fazer por conta de ataques de raposas\"\n\t\t\t\t\t\tdata-qtmplayer-artist=\"RNA\"\n\t\t\t\t\t\tdata-qtmplayer-link=\"https:\/\/rna.ao\/rna.ao\/2024\/01\/27\/populacao-do-lubalo-inquieta-sem-saber-o-que-fazer-por-conta-de-ataques-de-raposas\/\"\n\t\t\t\t\t\tdata-qtmplayer-icon=\"file_download\"\n\t\t\t\t\t\tdata-qtmplayer-type=\"track\"\n\t\t\t class=\"qtmplayer-play qtmplayer-link-sec qtmplayer-play-btn\"><i class='material-icons'>play_arrow<\/i><\/span>\n\t\t<p>\n\t\t\t<span class=\"qtmplayer-tit\">Popula\u00e7\u00e3o do Lubalo inquieta sem saber o que fazer por conta de ataques de raposas<\/span>\n\t\t\t<span class=\"qtmplayer-art\">RNA<\/span>\n\t\t<\/p>\n\t<\/li>\n\t\t<\/ul>\n\t<\/div>\t\t\t\n\t\n","protected":false},"excerpt":{"rendered":"<p>A popula\u00e7\u00e3o do Municipio do Lubalo na Lunda-Norte pede interven\u00e7\u00e3o do governo local para tomar medidas que visam protege-las de ataques de raposas. A popula\u00e7\u00e3o do Munic\u00edpio do Lubalo est\u00e1 inquieta sem saber o que fazer. Clique, no \u00e1udio abaixo, e saiba mais com a jornalista Filomena Mununga:<\/p>\n","protected":false},"author":8,"featured_media":130070,"comment_status":"closed","ping_status":"closed","sticky":false,"template":"","format":"standard","meta":[],"categories":[142,121,164,163],"tags":[],"_links":{"self":[{"href":"https:\/\/rna.ao\/rna.ao\/wp-json\/wp\/v2\/posts\/130068"}],"collection":[{"href":"https:\/\/rna.ao\/rna.ao\/wp-json\/wp\/v2\/posts"}],"about":[{"href":"https:\/\/rna.ao\/rna.ao\/wp-json\/wp\/v2\/types\/post"}],"author":[{"embeddable":true,"href":"https:\/\/rna.ao\/rna.ao\/wp-json\/wp\/v2\/users\/8"}],"replies":[{"embeddable":true,"href":"https:\/\/rna.ao\/rna.ao\/wp-json\/wp\/v2\/comments?post=130068"}],"version-history":[{"count":1,"href":"https:\/\/rna.ao\/rna.ao\/wp-json\/wp\/v2\/posts\/130068\/revisions"}],"predecessor-version":[{"id":130071,"href":"https:\/\/rna.ao\/rna.ao\/wp-json\/wp\/v2\/posts\/130068\/revisions\/130071"}],"wp:featuredmedia":[{"embeddable":true,"href":"https:\/\/rna.ao\/rna.ao\/wp-json\/wp\/v2\/media\/130070"}],"wp:attachment":[{"href":"https:\/\/rna.ao\/rna.ao\/wp-json\/wp\/v2\/media?parent=130068"}],"wp:term":[{"taxonomy":"category","embeddable":true,"href":"https:\/\/rna.ao\/rna.ao\/wp-json\/wp\/v2\/categories?post=130068"},{"taxonomy":"post_tag","embeddable":true,"href":"https:\/\/rna.ao\/rna.ao\/wp-json\/wp\/v2\/tags?post=130068"}],"curies":[{"name":"wp","href":"https:\/\/api.w.org\/{rel}","templated":true}]}}