{"id":130064,"date":"2024-01-27T08:02:28","date_gmt":"2024-01-27T07:02:28","guid":{"rendered":"https:\/\/rna.ao\/rna.ao\/?p=130064"},"modified":"2024-01-27T08:02:28","modified_gmt":"2024-01-27T07:02:28","slug":"benguela-vai-ganhar-um-novo-lar-de-idosos-para-conferir-maior-qualidade-de-comodidade-aos-beneficiarios","status":"publish","type":"post","link":"https:\/\/rna.ao\/rna.ao\/2024\/01\/27\/benguela-vai-ganhar-um-novo-lar-de-idosos-para-conferir-maior-qualidade-de-comodidade-aos-beneficiarios\/","title":{"rendered":"Benguela vai ganhar um novo lar de idosos para conferir maior qualidade de comodidade aos benefici\u00e1rios"},"content":{"rendered":"<p><img loading=\"lazy\" class=\"size-full wp-image-130066 alignleft\" src=\"https:\/\/rna.ao\/rna.ao\/wp-content\/uploads\/2024\/01\/lar.png\" alt=\"\" width=\"432\" height=\"221\" \/>A Prov\u00edncia de Benguela, vai ganhar um novo lar de idosos para conferir maior qualidade de comodidade aos benefici\u00e1rios. O lan\u00e7amento da pedra foi feita pelo Ministro dos Petr\u00f3leos e Recursos Minerais, Diamantino Azevedo. As obras da nova infraestrutura v\u00e3o estar conclu\u00eddas no prazo de dois anos. Clique, no \u00e1udio abaixo, e saiba mais com a jornalista Claudina Tchinanga:<\/p>\n\t<div class=\"qtmplayer-playlist-large\">\n\t\t<ul class=\"qtmplayer-playlist\">\n\t\t\t\n\t\t\t\t\t<li class=\"qtmplayer-trackitem\">\n\t\t<img src=\"https:\/\/rna.ao\/rna.ao\/wp-content\/uploads\/2024\/01\/lar-100x100.png\" alt=\"cover\">\t\t<span \t\t\tdata-qtmplayer-cover=\"https:\/\/rna.ao\/rna.ao\/wp-content\/uploads\/2024\/01\/lar.png\"\n\t\t\t\t\t\tdata-qtmplayer-file=\"https:\/\/rna.ao\/rna.ao\/wp-content\/uploads\/2024\/01\/BENGUELA-LAR-DE-IDOSOS-20H.mp3\"\n\t\t\t\t\t\tdata-qtmplayer-title=\"Benguela vai ganhar um novo lar de idosos para conferir maior qualidade de comodidade aos benefici\u00e1rios\"\n\t\t\t\t\t\tdata-qtmplayer-artist=\"RNA\"\n\t\t\t\t\t\tdata-qtmplayer-link=\"https:\/\/rna.ao\/rna.ao\/2024\/01\/27\/benguela-vai-ganhar-um-novo-lar-de-idosos-para-conferir-maior-qualidade-de-comodidade-aos-beneficiarios\/\"\n\t\t\t\t\t\tdata-qtmplayer-icon=\"file_download\"\n\t\t\t\t\t\tdata-qtmplayer-type=\"track\"\n\t\t\t class=\"qtmplayer-play qtmplayer-link-sec qtmplayer-play-btn\"><i class='material-icons'>play_arrow<\/i><\/span>\n\t\t<p>\n\t\t\t<span class=\"qtmplayer-tit\">Benguela vai ganhar um novo lar de idosos para conferir maior qualidade de comodidade aos benefici\u00e1rios<\/span>\n\t\t\t<span class=\"qtmplayer-art\">RNA<\/span>\n\t\t<\/p>\n\t<\/li>\n\t\t<\/ul>\n\t<\/div>\t\t\t\n\t\n","protected":false},"excerpt":{"rendered":"<p>A Prov\u00edncia de Benguela, vai ganhar um novo lar de idosos para conferir maior qualidade de comodidade aos benefici\u00e1rios. O lan\u00e7amento da pedra foi feita pelo Ministro dos Petr\u00f3leos e Recursos Minerais, Diamantino Azevedo. As obras da nova infraestrutura v\u00e3o estar conclu\u00eddas no prazo de dois anos. Clique, no \u00e1udio ...<\/p>\n","protected":false},"author":8,"featured_media":130066,"comment_status":"closed","ping_status":"closed","sticky":false,"template":"","format":"standard","meta":[],"categories":[142,121,164,163],"tags":[],"_links":{"self":[{"href":"https:\/\/rna.ao\/rna.ao\/wp-json\/wp\/v2\/posts\/130064"}],"collection":[{"href":"https:\/\/rna.ao\/rna.ao\/wp-json\/wp\/v2\/posts"}],"about":[{"href":"https:\/\/rna.ao\/rna.ao\/wp-json\/wp\/v2\/types\/post"}],"author":[{"embeddable":true,"href":"https:\/\/rna.ao\/rna.ao\/wp-json\/wp\/v2\/users\/8"}],"replies":[{"embeddable":true,"href":"https:\/\/rna.ao\/rna.ao\/wp-json\/wp\/v2\/comments?post=130064"}],"version-history":[{"count":1,"href":"https:\/\/rna.ao\/rna.ao\/wp-json\/wp\/v2\/posts\/130064\/revisions"}],"predecessor-version":[{"id":130067,"href":"https:\/\/rna.ao\/rna.ao\/wp-json\/wp\/v2\/posts\/130064\/revisions\/130067"}],"wp:featuredmedia":[{"embeddable":true,"href":"https:\/\/rna.ao\/rna.ao\/wp-json\/wp\/v2\/media\/130066"}],"wp:attachment":[{"href":"https:\/\/rna.ao\/rna.ao\/wp-json\/wp\/v2\/media?parent=130064"}],"wp:term":[{"taxonomy":"category","embeddable":true,"href":"https:\/\/rna.ao\/rna.ao\/wp-json\/wp\/v2\/categories?post=130064"},{"taxonomy":"post_tag","embeddable":true,"href":"https:\/\/rna.ao\/rna.ao\/wp-json\/wp\/v2\/tags?post=130064"}],"curies":[{"name":"wp","href":"https:\/\/api.w.org\/{rel}","templated":true}]}}