{"id":130060,"date":"2024-01-27T07:55:07","date_gmt":"2024-01-27T06:55:07","guid":{"rendered":"https:\/\/rna.ao\/rna.ao\/?p=130060"},"modified":"2024-01-27T07:55:07","modified_gmt":"2024-01-27T06:55:07","slug":"estudantes-inteiram-se-sobre-a-importancia-da-tecnologia-espacial-para-a-sociedade-promovido-pelo-minttcs-no-isutic","status":"publish","type":"post","link":"https:\/\/rna.ao\/rna.ao\/2024\/01\/27\/estudantes-inteiram-se-sobre-a-importancia-da-tecnologia-espacial-para-a-sociedade-promovido-pelo-minttcs-no-isutic\/","title":{"rendered":"Estudantes inteiram-se sobre a import\u00e2ncia da tecnologia espacial para a sociedade promovido pelo MINTTCS, no ISUTIC"},"content":{"rendered":"<p><img loading=\"lazy\" class=\"size-full wp-image-130062 alignleft\" src=\"https:\/\/rna.ao\/rna.ao\/wp-content\/uploads\/2024\/01\/ISUTIC-rd.jpg\" alt=\"\" width=\"300\" height=\"228\" \/>A import\u00e2ncia da tecnologia espacial para a sociedade esteve em abordagem durante uma palestra que esta sexta-feira(27) teve aconteceu no audit\u00f3rio do Instituto Superior de Tecnologias de Informa\u00e7\u00e3o e Comunica\u00e7\u00e3o &#8220;ISUTIC&#8221;. O certame promovido pelo Minist\u00e9rio das Telecomunica\u00e7\u00f5es, Tecnologia de Informa\u00e7\u00e3o e Comunica\u00e7\u00e3o Social, visa capacitar e promover a tecnologia espacial. Clique, no \u00e1udio abaixo, e saiba mais com a jornalista Marina Chambole:<\/p>\n\t<div class=\"qtmplayer-playlist-large\">\n\t\t<ul class=\"qtmplayer-playlist\">\n\t\t\t\n\t\t\t\t\t<li class=\"qtmplayer-trackitem\">\n\t\t<img src=\"https:\/\/rna.ao\/rna.ao\/wp-content\/uploads\/2024\/01\/ISUTIC-rd-100x100.jpg\" alt=\"cover\">\t\t<span \t\t\tdata-qtmplayer-cover=\"https:\/\/rna.ao\/rna.ao\/wp-content\/uploads\/2024\/01\/ISUTIC-rd.jpg\"\n\t\t\t\t\t\tdata-qtmplayer-file=\"https:\/\/rna.ao\/rna.ao\/wp-content\/uploads\/2024\/01\/CAZENGA-ESPACIAL-20HRS.mp3\"\n\t\t\t\t\t\tdata-qtmplayer-title=\"Estudantes inteiram-se sobre a import\u00e2ncia da tecnologia espacial para a sociedade promovido pelo MINTTCS, no ISUTIC\"\n\t\t\t\t\t\tdata-qtmplayer-artist=\"RNA\"\n\t\t\t\t\t\tdata-qtmplayer-link=\"https:\/\/rna.ao\/rna.ao\/2024\/01\/27\/estudantes-inteiram-se-sobre-a-importancia-da-tecnologia-espacial-para-a-sociedade-promovido-pelo-minttcs-no-isutic\/\"\n\t\t\t\t\t\tdata-qtmplayer-icon=\"file_download\"\n\t\t\t\t\t\tdata-qtmplayer-type=\"track\"\n\t\t\t class=\"qtmplayer-play qtmplayer-link-sec qtmplayer-play-btn\"><i class='material-icons'>play_arrow<\/i><\/span>\n\t\t<p>\n\t\t\t<span class=\"qtmplayer-tit\">Estudantes inteiram-se sobre a import\u00e2ncia da tecnologia espacial para a sociedade promovido pelo MINTTCS, no ISUTIC<\/span>\n\t\t\t<span class=\"qtmplayer-art\">RNA<\/span>\n\t\t<\/p>\n\t<\/li>\n\t\t<\/ul>\n\t<\/div>\t\t\t\n\t\n","protected":false},"excerpt":{"rendered":"<p>A import\u00e2ncia da tecnologia espacial para a sociedade esteve em abordagem durante uma palestra que esta sexta-feira(27) teve aconteceu no audit\u00f3rio do Instituto Superior de Tecnologias de Informa\u00e7\u00e3o e Comunica\u00e7\u00e3o &#8220;ISUTIC&#8221;. O certame promovido pelo Minist\u00e9rio das Telecomunica\u00e7\u00f5es, Tecnologia de Informa\u00e7\u00e3o e Comunica\u00e7\u00e3o Social, visa capacitar e promover a tecnologia ...<\/p>\n","protected":false},"author":8,"featured_media":130062,"comment_status":"closed","ping_status":"closed","sticky":false,"template":"","format":"standard","meta":[],"categories":[142,121,164,163],"tags":[],"_links":{"self":[{"href":"https:\/\/rna.ao\/rna.ao\/wp-json\/wp\/v2\/posts\/130060"}],"collection":[{"href":"https:\/\/rna.ao\/rna.ao\/wp-json\/wp\/v2\/posts"}],"about":[{"href":"https:\/\/rna.ao\/rna.ao\/wp-json\/wp\/v2\/types\/post"}],"author":[{"embeddable":true,"href":"https:\/\/rna.ao\/rna.ao\/wp-json\/wp\/v2\/users\/8"}],"replies":[{"embeddable":true,"href":"https:\/\/rna.ao\/rna.ao\/wp-json\/wp\/v2\/comments?post=130060"}],"version-history":[{"count":1,"href":"https:\/\/rna.ao\/rna.ao\/wp-json\/wp\/v2\/posts\/130060\/revisions"}],"predecessor-version":[{"id":130063,"href":"https:\/\/rna.ao\/rna.ao\/wp-json\/wp\/v2\/posts\/130060\/revisions\/130063"}],"wp:featuredmedia":[{"embeddable":true,"href":"https:\/\/rna.ao\/rna.ao\/wp-json\/wp\/v2\/media\/130062"}],"wp:attachment":[{"href":"https:\/\/rna.ao\/rna.ao\/wp-json\/wp\/v2\/media?parent=130060"}],"wp:term":[{"taxonomy":"category","embeddable":true,"href":"https:\/\/rna.ao\/rna.ao\/wp-json\/wp\/v2\/categories?post=130060"},{"taxonomy":"post_tag","embeddable":true,"href":"https:\/\/rna.ao\/rna.ao\/wp-json\/wp\/v2\/tags?post=130060"}],"curies":[{"name":"wp","href":"https:\/\/api.w.org\/{rel}","templated":true}]}}