{"id":128097,"date":"2024-01-09T06:25:37","date_gmt":"2024-01-09T05:25:37","guid":{"rendered":"https:\/\/rna.ao\/rna.ao\/?p=128097"},"modified":"2024-01-09T08:14:49","modified_gmt":"2024-01-09T07:14:49","slug":"universidade-lusiada-de-angola-vai-dar-expressao-hoje-ao-seu-programa-de-homenagem-ao-professor-rui-mingas","status":"publish","type":"post","link":"https:\/\/rna.ao\/rna.ao\/2024\/01\/09\/universidade-lusiada-de-angola-vai-dar-expressao-hoje-ao-seu-programa-de-homenagem-ao-professor-rui-mingas\/","title":{"rendered":"Universidade Lus\u00edada de Angola vai dar express\u00e3o hoje ao seu programa de homenagem ao professor Rui Mingas"},"content":{"rendered":"<p><img loading=\"lazy\" class=\"size-full wp-image-128099 alignleft\" src=\"https:\/\/rna.ao\/rna.ao\/wp-content\/uploads\/2024\/01\/Mario-Pinto-de-Andrade.jpg\" alt=\"\" width=\"372\" height=\"213\" srcset=\"https:\/\/rna.ao\/rna.ao\/wp-content\/uploads\/2024\/01\/Mario-Pinto-de-Andrade.jpg 372w, https:\/\/rna.ao\/rna.ao\/wp-content\/uploads\/2024\/01\/Mario-Pinto-de-Andrade-370x213.jpg 370w\" sizes=\"(max-width: 372px) 100vw, 372px\" \/>A Universidade Lus\u00edada de Angola vai dar express\u00e3o hoje, 09 de Janeiro, ao seu programa de homenagem ao professor Rui Alberto Vieira Dias\u00a0 Rodrigues Mingas. O programa, chegado a banca da nossa redac\u00e7\u00e3o, d\u00e1 conta da leitura de uma mensagem do Reitor da Universidade Lus\u00edada de Angola, M\u00e1rio Pinto de Andrade, a leitura da biografia do professor Doutor Rui Alberto Vieira Dias\u00a0 Rodrigues Mingas, co-fundador da Universidade Lus\u00edada de Angola. A nota d\u00e1 igualmente conta da leitura de uma mensagem dos estudantes e da abertura do livro de condol\u00eancias.<\/p>\n<p>De resto, o Reitor da Universidade Lus\u00edada de Angola, M\u00e1rio Pinto de Andrade, sublinha que o professor Doutor Rui Alberto Vieira Dias\u00a0 Rodrigues Mingas sempre apostou na forma\u00e7\u00e3o de quadros. Clique no \u00e1udio e ou\u00e7a:<\/p>\n\t<div class=\"qtmplayer-playlist-large\">\n\t\t<ul class=\"qtmplayer-playlist\">\n\t\t\t\n\t\t\t\t\t<li class=\"qtmplayer-trackitem\">\n\t\t<img src=\"https:\/\/rna.ao\/rna.ao\/wp-content\/uploads\/2024\/01\/Rui-Mingas-100x100.jpg\" alt=\"cover\">\t\t<span \t\t\tdata-qtmplayer-cover=\"https:\/\/rna.ao\/rna.ao\/wp-content\/uploads\/2024\/01\/Rui-Mingas.jpg\"\n\t\t\t\t\t\tdata-qtmplayer-file=\"https:\/\/rna.ao\/rna.ao\/wp-content\/uploads\/2024\/01\/MARIO-PINTO-DE-ANDRADE-06HRS.mp3\"\n\t\t\t\t\t\tdata-qtmplayer-title=\"Universidade Lus\u00edada de Angola vai dar express\u00e3o hoje ao seu programa de homenagem ao professor Rui Mingas\"\n\t\t\t\t\t\tdata-qtmplayer-artist=\"RNA\"\n\t\t\t\t\t\tdata-qtmplayer-link=\"https:\/\/rna.ao\/rna.ao\/2024\/01\/09\/universidade-lusiada-de-angola-vai-dar-expressao-hoje-ao-seu-programa-de-homenagem-ao-professor-rui-mingas\/\"\n\t\t\t\t\t\tdata-qtmplayer-icon=\"file_download\"\n\t\t\t\t\t\tdata-qtmplayer-type=\"track\"\n\t\t\t class=\"qtmplayer-play qtmplayer-link-sec qtmplayer-play-btn\"><i class='material-icons'>play_arrow<\/i><\/span>\n\t\t<p>\n\t\t\t<span class=\"qtmplayer-tit\">Universidade Lus\u00edada de Angola vai dar express\u00e3o hoje ao seu programa de homenagem ao professor Rui Mingas<\/span>\n\t\t\t<span class=\"qtmplayer-art\">RNA<\/span>\n\t\t<\/p>\n\t<\/li>\n\t\t<\/ul>\n\t<\/div>\t\t\t\n\t\n","protected":false},"excerpt":{"rendered":"<p>A Universidade Lus\u00edada de Angola vai dar express\u00e3o hoje, 09 de Janeiro, ao seu programa de homenagem ao professor Rui Alberto Vieira Dias\u00a0 Rodrigues Mingas. O programa, chegado a banca da nossa redac\u00e7\u00e3o, d\u00e1 conta da leitura de uma mensagem do Reitor da Universidade Lus\u00edada de Angola, M\u00e1rio Pinto de ...<\/p>\n","protected":false},"author":8,"featured_media":128100,"comment_status":"closed","ping_status":"closed","sticky":false,"template":"","format":"standard","meta":[],"categories":[142,121,164,163],"tags":[],"_links":{"self":[{"href":"https:\/\/rna.ao\/rna.ao\/wp-json\/wp\/v2\/posts\/128097"}],"collection":[{"href":"https:\/\/rna.ao\/rna.ao\/wp-json\/wp\/v2\/posts"}],"about":[{"href":"https:\/\/rna.ao\/rna.ao\/wp-json\/wp\/v2\/types\/post"}],"author":[{"embeddable":true,"href":"https:\/\/rna.ao\/rna.ao\/wp-json\/wp\/v2\/users\/8"}],"replies":[{"embeddable":true,"href":"https:\/\/rna.ao\/rna.ao\/wp-json\/wp\/v2\/comments?post=128097"}],"version-history":[{"count":3,"href":"https:\/\/rna.ao\/rna.ao\/wp-json\/wp\/v2\/posts\/128097\/revisions"}],"predecessor-version":[{"id":128179,"href":"https:\/\/rna.ao\/rna.ao\/wp-json\/wp\/v2\/posts\/128097\/revisions\/128179"}],"wp:featuredmedia":[{"embeddable":true,"href":"https:\/\/rna.ao\/rna.ao\/wp-json\/wp\/v2\/media\/128100"}],"wp:attachment":[{"href":"https:\/\/rna.ao\/rna.ao\/wp-json\/wp\/v2\/media?parent=128097"}],"wp:term":[{"taxonomy":"category","embeddable":true,"href":"https:\/\/rna.ao\/rna.ao\/wp-json\/wp\/v2\/categories?post=128097"},{"taxonomy":"post_tag","embeddable":true,"href":"https:\/\/rna.ao\/rna.ao\/wp-json\/wp\/v2\/tags?post=128097"}],"curies":[{"name":"wp","href":"https:\/\/api.w.org\/{rel}","templated":true}]}}