{"id":127515,"date":"2024-01-02T19:25:15","date_gmt":"2024-01-02T18:25:15","guid":{"rendered":"https:\/\/rna.ao\/rna.ao\/?p=127515"},"modified":"2024-01-02T19:25:15","modified_gmt":"2024-01-02T18:25:15","slug":"presidente-joao-lourenco-felicita-cuba-pela-revolucao-cubana","status":"publish","type":"post","link":"https:\/\/rna.ao\/rna.ao\/2024\/01\/02\/presidente-joao-lourenco-felicita-cuba-pela-revolucao-cubana\/","title":{"rendered":"Presidente Jo\u00e3o Louren\u00e7o felicita Cuba pela Revolu\u00e7\u00e3o Cubana"},"content":{"rendered":"<p><img loading=\"lazy\" class=\"alignnone size-full wp-image-127516\" src=\"https:\/\/rna.ao\/rna.ao\/wp-content\/uploads\/2024\/01\/IMG_2725.jpeg\" alt=\"\" width=\"620\" height=\"413\" \/><\/p>\n<p>O Presidente da Rep\u00fablica, Jo\u00e3o Louren\u00e7o, endere\u00e7ou, na segunda-feira, uma mensagem de felicita\u00e7\u00f5es ao hom\u00f3logo cubano, Miguel D\u00edaz-Canel, e ao povo daquele pa\u00eds, pela Revolu\u00e7\u00e3o Cubana.<\/p>\n<p>Na mensagem, pode ler-se que o Chefe de Estado aproveita a ocasi\u00e3o para &#8220;expressar\u201d a solidariedade angolana com Cuba na luta que trava pela defesa dos seus interesses e pela cont\u00ednua &#8220;afirma\u00e7\u00e3o da soberania nacional cubana\u201d em cujo contexto, Angola aprecia os esfor\u00e7os &#8220;no sentido da promo\u00e7\u00e3o do progresso do desenvolvimento, e do bem-estar social do povo cubano\u201d.<\/p>\n<p style=\"font-weight: 400;\">A missiva acrescenta, ainda, &#8220;a amizade que une os nossos dois povos e pa\u00edses, no \u00e2mbito do esfor\u00e7o conjunto que empreendemos para consolidar as rela\u00e7\u00f5es de coopera\u00e7\u00e3o bilateral existentes entre Angola e Cuba\u201d e os &#8220;melhores votos de boa sa\u00fade, de bem-estar pessoal e os de prosperidade para o Povo Cubano\u201d.<\/p>\n","protected":false},"excerpt":{"rendered":"<p>O Presidente da Rep\u00fablica, Jo\u00e3o Louren\u00e7o, endere\u00e7ou, na segunda-feira, uma mensagem de felicita\u00e7\u00f5es ao hom\u00f3logo cubano, Miguel D\u00edaz-Canel, e ao povo daquele pa\u00eds, pela Revolu\u00e7\u00e3o Cubana. Na mensagem, pode ler-se que o Chefe de Estado aproveita a ocasi\u00e3o para &#8220;expressar\u201d a solidariedade angolana com Cuba na luta que trava pela ...<\/p>\n","protected":false},"author":10,"featured_media":127516,"comment_status":"closed","ping_status":"closed","sticky":false,"template":"","format":"standard","meta":[],"categories":[142,121,163],"tags":[],"_links":{"self":[{"href":"https:\/\/rna.ao\/rna.ao\/wp-json\/wp\/v2\/posts\/127515"}],"collection":[{"href":"https:\/\/rna.ao\/rna.ao\/wp-json\/wp\/v2\/posts"}],"about":[{"href":"https:\/\/rna.ao\/rna.ao\/wp-json\/wp\/v2\/types\/post"}],"author":[{"embeddable":true,"href":"https:\/\/rna.ao\/rna.ao\/wp-json\/wp\/v2\/users\/10"}],"replies":[{"embeddable":true,"href":"https:\/\/rna.ao\/rna.ao\/wp-json\/wp\/v2\/comments?post=127515"}],"version-history":[{"count":1,"href":"https:\/\/rna.ao\/rna.ao\/wp-json\/wp\/v2\/posts\/127515\/revisions"}],"predecessor-version":[{"id":127517,"href":"https:\/\/rna.ao\/rna.ao\/wp-json\/wp\/v2\/posts\/127515\/revisions\/127517"}],"wp:featuredmedia":[{"embeddable":true,"href":"https:\/\/rna.ao\/rna.ao\/wp-json\/wp\/v2\/media\/127516"}],"wp:attachment":[{"href":"https:\/\/rna.ao\/rna.ao\/wp-json\/wp\/v2\/media?parent=127515"}],"wp:term":[{"taxonomy":"category","embeddable":true,"href":"https:\/\/rna.ao\/rna.ao\/wp-json\/wp\/v2\/categories?post=127515"},{"taxonomy":"post_tag","embeddable":true,"href":"https:\/\/rna.ao\/rna.ao\/wp-json\/wp\/v2\/tags?post=127515"}],"curies":[{"name":"wp","href":"https:\/\/api.w.org\/{rel}","templated":true}]}}