{"id":127505,"date":"2024-01-02T07:58:27","date_gmt":"2024-01-02T06:58:27","guid":{"rendered":"https:\/\/rna.ao\/rna.ao\/?p=127505"},"modified":"2024-01-02T07:58:27","modified_gmt":"2024-01-02T06:58:27","slug":"morreu-o-fotografo-sul-africano-peter-magubane-cronista-da-violencia-do-apartheid","status":"publish","type":"post","link":"https:\/\/rna.ao\/rna.ao\/2024\/01\/02\/morreu-o-fotografo-sul-africano-peter-magubane-cronista-da-violencia-do-apartheid\/","title":{"rendered":"Morreu o fot\u00f3grafo sul-africano Peter Magubane, cronista da viol\u00eancia do apartheid"},"content":{"rendered":"<p><img loading=\"lazy\" class=\"alignnone  wp-image-127506\" src=\"https:\/\/rna.ao\/rna.ao\/wp-content\/uploads\/2024\/01\/FOTOGRAFO-SUL-AFRICANO-770x578.jpg\" alt=\"\" width=\"448\" height=\"336\" srcset=\"https:\/\/rna.ao\/rna.ao\/wp-content\/uploads\/2024\/01\/FOTOGRAFO-SUL-AFRICANO-770x578.jpg 770w, https:\/\/rna.ao\/rna.ao\/wp-content\/uploads\/2024\/01\/FOTOGRAFO-SUL-AFRICANO-1170x878.jpg 1170w, https:\/\/rna.ao\/rna.ao\/wp-content\/uploads\/2024\/01\/FOTOGRAFO-SUL-AFRICANO-768x576.jpg 768w, https:\/\/rna.ao\/rna.ao\/wp-content\/uploads\/2024\/01\/FOTOGRAFO-SUL-AFRICANO.jpg 1200w\" sizes=\"(max-width: 448px) 100vw, 448px\" \/><\/p>\n<p>Peter Magubane, o renomado artista-fot\u00f3grafo que lan\u00e7ou luz sobre as lutas cotidianas dos sul-africanos negros durante d\u00e9cadas sob o apartheid, morreu nesta segunda-feira aos 91 anos.<\/p>\n<p>Depois de ingressar na revista Drum em 1955, Magubane ganhou destaque como um dos poucos fot\u00f3grafos negros que cobriam a era repressiva.<\/p>\n<p>Uma das suas imagens marcantes, tirada um ano depois num sub\u00farbio rico de Johanesburgo, mostra uma garota branca sentada num banco com uma placa que dizia &#8220;Apenas Europeus&#8221;, enquanto uma trabalhadora negra sentada atr\u00e1s dela penteava-lhe o cabelo.<\/p>\n<p>Ap\u00f3s a liberta\u00e7\u00e3o do \u00edcone anti-apartheid Nelson Mandela, em 1990, Magubane tornou-se o seu fot\u00f3grafo oficial at\u00e9 \u00e0 sua elei\u00e7\u00e3o, quatro anos mais tarde, como o primeiro Presidente negro do pa\u00eds, no advento da democracia.<\/p>\n<p>Uma d\u00e9cada depois, ele ganhava elogios internacionais com a sua cobertura do levante estudantil de Soweto.<\/p>\n<p>&#8220;Faleceu esta segunda-feira pacificamente, rodeado pela fam\u00edlia&#8221;, anunciou o organismo representativo da imprensa sul-africana.<\/p>\n","protected":false},"excerpt":{"rendered":"<p>Peter Magubane, o renomado artista-fot\u00f3grafo que lan\u00e7ou luz sobre as lutas cotidianas dos sul-africanos negros durante d\u00e9cadas sob o apartheid, morreu nesta segunda-feira aos 91 anos. Depois de ingressar na revista Drum em 1955, Magubane ganhou destaque como um dos poucos fot\u00f3grafos negros que cobriam a era repressiva. Uma das ...<\/p>\n","protected":false},"author":10,"featured_media":127506,"comment_status":"closed","ping_status":"closed","sticky":false,"template":"","format":"standard","meta":[],"categories":[142,121,163],"tags":[],"_links":{"self":[{"href":"https:\/\/rna.ao\/rna.ao\/wp-json\/wp\/v2\/posts\/127505"}],"collection":[{"href":"https:\/\/rna.ao\/rna.ao\/wp-json\/wp\/v2\/posts"}],"about":[{"href":"https:\/\/rna.ao\/rna.ao\/wp-json\/wp\/v2\/types\/post"}],"author":[{"embeddable":true,"href":"https:\/\/rna.ao\/rna.ao\/wp-json\/wp\/v2\/users\/10"}],"replies":[{"embeddable":true,"href":"https:\/\/rna.ao\/rna.ao\/wp-json\/wp\/v2\/comments?post=127505"}],"version-history":[{"count":1,"href":"https:\/\/rna.ao\/rna.ao\/wp-json\/wp\/v2\/posts\/127505\/revisions"}],"predecessor-version":[{"id":127508,"href":"https:\/\/rna.ao\/rna.ao\/wp-json\/wp\/v2\/posts\/127505\/revisions\/127508"}],"wp:featuredmedia":[{"embeddable":true,"href":"https:\/\/rna.ao\/rna.ao\/wp-json\/wp\/v2\/media\/127506"}],"wp:attachment":[{"href":"https:\/\/rna.ao\/rna.ao\/wp-json\/wp\/v2\/media?parent=127505"}],"wp:term":[{"taxonomy":"category","embeddable":true,"href":"https:\/\/rna.ao\/rna.ao\/wp-json\/wp\/v2\/categories?post=127505"},{"taxonomy":"post_tag","embeddable":true,"href":"https:\/\/rna.ao\/rna.ao\/wp-json\/wp\/v2\/tags?post=127505"}],"curies":[{"name":"wp","href":"https:\/\/api.w.org\/{rel}","templated":true}]}}