{"id":127495,"date":"2024-01-02T05:25:41","date_gmt":"2024-01-02T04:25:41","guid":{"rendered":"https:\/\/rna.ao\/rna.ao\/?p=127495"},"modified":"2024-01-02T06:31:24","modified_gmt":"2024-01-02T05:31:24","slug":"temos-varios-jogadores-de-qualidade-disse-albano-cesar-que-espera-uma-boa-campanha-dos-palanca-negra-no-can","status":"publish","type":"post","link":"https:\/\/rna.ao\/rna.ao\/2024\/01\/02\/temos-varios-jogadores-de-qualidade-disse-albano-cesar-que-espera-uma-boa-campanha-dos-palanca-negra-no-can\/","title":{"rendered":"&#8220;Temos v\u00e1rios jogadores de qualidade&#8221; &#8211; disse Albano C\u00e9sar que espera uma boa campanha dos Palanca Negra no CAN"},"content":{"rendered":"<p style=\"font-weight: 400;\"><img loading=\"lazy\" class=\" wp-image-127498 aligncenter\" src=\"https:\/\/rna.ao\/rna.ao\/wp-content\/uploads\/2024\/01\/Albano-Cesar.jpg\" alt=\"\" width=\"782\" height=\"487\" \/>No Campeonato Africano das Na\u00e7\u00f5es da Cote D&#8217;Ivoire Angola integra o Grupo-D, ao lado da Maurit\u00e2nia, Burkina-Faso e Arg\u00e9lia, advers\u00e1rio de estreia no dia 15. O t\u00e9cnico Albano C\u00e9sar, com mais de 32 anos ao servi\u00e7o do futebol nacional, espera por uma boa campanha do combinado nacional na competi\u00e7\u00e3o. Clique no \u00e1udio e ou\u00e7a:<\/p>\n\t<div class=\"qtmplayer-playlist-large\">\n\t\t<ul class=\"qtmplayer-playlist\">\n\t\t\t\n\t\t\t\t\t<li class=\"qtmplayer-trackitem\">\n\t\t<img src=\"https:\/\/rna.ao\/rna.ao\/wp-content\/uploads\/2024\/01\/Albano-Cesar-1-100x100.jpg\" alt=\"cover\">\t\t<span \t\t\tdata-qtmplayer-cover=\"https:\/\/rna.ao\/rna.ao\/wp-content\/uploads\/2024\/01\/Albano-Cesar-1.jpg\"\n\t\t\t\t\t\tdata-qtmplayer-file=\"https:\/\/rna.ao\/rna.ao\/wp-content\/uploads\/2024\/01\/P-J-3-ALBANO-CESAR-02-01-24.mp3\"\n\t\t\t\t\t\tdata-qtmplayer-title=\"&#8220;Temos v\u00e1rios jogadores de qualidade&#8221; &#8211; disse Albano C\u00e9sar que espera uma boa campanha dos Palanca Negra no CAN\"\n\t\t\t\t\t\tdata-qtmplayer-artist=\"RNA\"\n\t\t\t\t\t\tdata-qtmplayer-link=\"https:\/\/rna.ao\/rna.ao\/2024\/01\/02\/temos-varios-jogadores-de-qualidade-disse-albano-cesar-que-espera-uma-boa-campanha-dos-palanca-negra-no-can\/\"\n\t\t\t\t\t\tdata-qtmplayer-icon=\"file_download\"\n\t\t\t\t\t\tdata-qtmplayer-type=\"track\"\n\t\t\t class=\"qtmplayer-play qtmplayer-link-sec qtmplayer-play-btn\"><i class='material-icons'>play_arrow<\/i><\/span>\n\t\t<p>\n\t\t\t<span class=\"qtmplayer-tit\">&#8220;Temos v\u00e1rios jogadores de qualidade&#8221; &#8211; disse Albano C\u00e9sar que espera uma boa campanha dos Palanca Negra no CAN<\/span>\n\t\t\t<span class=\"qtmplayer-art\">RNA<\/span>\n\t\t<\/p>\n\t<\/li>\n\t\t<\/ul>\n\t<\/div>\t\t\t\n\t\n<p style=\"font-weight: 400;\"><b>Fonte: R\u00e1dio 5\/RNA<\/b><\/p>\n","protected":false},"excerpt":{"rendered":"<p>No Campeonato Africano das Na\u00e7\u00f5es da Cote D&#8217;Ivoire Angola integra o Grupo-D, ao lado da Maurit\u00e2nia, Burkina-Faso e Arg\u00e9lia, advers\u00e1rio de estreia no dia 15. O t\u00e9cnico Albano C\u00e9sar, com mais de 32 anos ao servi\u00e7o do futebol nacional, espera por uma boa campanha do combinado nacional na competi\u00e7\u00e3o. Clique ...<\/p>\n","protected":false},"author":8,"featured_media":127499,"comment_status":"closed","ping_status":"closed","sticky":false,"template":"","format":"standard","meta":[],"categories":[145,125,164],"tags":[],"_links":{"self":[{"href":"https:\/\/rna.ao\/rna.ao\/wp-json\/wp\/v2\/posts\/127495"}],"collection":[{"href":"https:\/\/rna.ao\/rna.ao\/wp-json\/wp\/v2\/posts"}],"about":[{"href":"https:\/\/rna.ao\/rna.ao\/wp-json\/wp\/v2\/types\/post"}],"author":[{"embeddable":true,"href":"https:\/\/rna.ao\/rna.ao\/wp-json\/wp\/v2\/users\/8"}],"replies":[{"embeddable":true,"href":"https:\/\/rna.ao\/rna.ao\/wp-json\/wp\/v2\/comments?post=127495"}],"version-history":[{"count":1,"href":"https:\/\/rna.ao\/rna.ao\/wp-json\/wp\/v2\/posts\/127495\/revisions"}],"predecessor-version":[{"id":127500,"href":"https:\/\/rna.ao\/rna.ao\/wp-json\/wp\/v2\/posts\/127495\/revisions\/127500"}],"wp:featuredmedia":[{"embeddable":true,"href":"https:\/\/rna.ao\/rna.ao\/wp-json\/wp\/v2\/media\/127499"}],"wp:attachment":[{"href":"https:\/\/rna.ao\/rna.ao\/wp-json\/wp\/v2\/media?parent=127495"}],"wp:term":[{"taxonomy":"category","embeddable":true,"href":"https:\/\/rna.ao\/rna.ao\/wp-json\/wp\/v2\/categories?post=127495"},{"taxonomy":"post_tag","embeddable":true,"href":"https:\/\/rna.ao\/rna.ao\/wp-json\/wp\/v2\/tags?post=127495"}],"curies":[{"name":"wp","href":"https:\/\/api.w.org\/{rel}","templated":true}]}}