{"id":127483,"date":"2024-01-02T05:28:06","date_gmt":"2024-01-02T04:28:06","guid":{"rendered":"https:\/\/rna.ao\/rna.ao\/?p=127483"},"modified":"2024-01-02T06:08:03","modified_gmt":"2024-01-02T05:08:03","slug":"seleccao-angolana-comeca-hoje-micro-estagio-de-dez-dias-no-dubai","status":"publish","type":"post","link":"https:\/\/rna.ao\/rna.ao\/2024\/01\/02\/seleccao-angolana-comeca-hoje-micro-estagio-de-dez-dias-no-dubai\/","title":{"rendered":"Selec\u00e7\u00e3o angolana come\u00e7a hoje micro est\u00e1gio de dez dias no Dubai"},"content":{"rendered":"<p style=\"font-weight: 400;\"><img loading=\"lazy\" class=\"size-medium wp-image-73954 aligncenter\" src=\"https:\/\/rna.ao\/rna.ao\/wp-content\/uploads\/2022\/08\/Pedro-Goncalves-4-770x385.jpg\" alt=\"\" width=\"770\" height=\"385\" srcset=\"https:\/\/rna.ao\/rna.ao\/wp-content\/uploads\/2022\/08\/Pedro-Goncalves-4-770x385.jpg 770w, https:\/\/rna.ao\/rna.ao\/wp-content\/uploads\/2022\/08\/Pedro-Goncalves-4-1170x585.jpg 1170w, https:\/\/rna.ao\/rna.ao\/wp-content\/uploads\/2022\/08\/Pedro-Goncalves-4-768x384.jpg 768w, https:\/\/rna.ao\/rna.ao\/wp-content\/uploads\/2022\/08\/Pedro-Goncalves-4.jpg 1440w\" sizes=\"(max-width: 770px) 100vw, 770px\" \/>Os Palancas Negras concentram-se hoje, 02 de janeiro, no Dubai, para um micro est\u00e1gio de aproximadamente dez dias\u00a0 no esbo\u00e7o ao CAN da Cote D&#8217;Ivoire, que come\u00e7a no dia 13 deste m\u00eas.<\/p>\n<p style=\"font-weight: 400;\">Pedro Gon\u00e7alves, seleccionador nacional, espera nestes dez dias no Dubai encontrar mais advers\u00e1rios para os jogos de prepara\u00e7\u00e3o. Clique no \u00e1udio e ou\u00e7a:<\/p>\n\t<div class=\"qtmplayer-playlist-large\">\n\t\t<ul class=\"qtmplayer-playlist\">\n\t\t\t\n\t\t\t\t\t<li class=\"qtmplayer-trackitem\">\n\t\t<img src=\"https:\/\/rna.ao\/rna.ao\/wp-content\/uploads\/2022\/08\/Pedro-Goncalves-4-100x100.jpg\" alt=\"cover\">\t\t<span \t\t\tdata-qtmplayer-cover=\"https:\/\/rna.ao\/rna.ao\/wp-content\/uploads\/2022\/08\/Pedro-Goncalves-4-370x370.jpg\"\n\t\t\t\t\t\tdata-qtmplayer-file=\"https:\/\/rna.ao\/rna.ao\/wp-content\/uploads\/2024\/01\/P-J-2-PEDRO-GONCALVES-02-01-24.mp3\"\n\t\t\t\t\t\tdata-qtmplayer-title=\"Selec\u00e7\u00e3o angolana come\u00e7a hoje micro est\u00e1gio de dez dias no Dubai\"\n\t\t\t\t\t\tdata-qtmplayer-artist=\"RNA\"\n\t\t\t\t\t\tdata-qtmplayer-link=\"https:\/\/rna.ao\/rna.ao\/2024\/01\/02\/seleccao-angolana-comeca-hoje-micro-estagio-de-dez-dias-no-dubai\/\"\n\t\t\t\t\t\tdata-qtmplayer-icon=\"file_download\"\n\t\t\t\t\t\tdata-qtmplayer-type=\"track\"\n\t\t\t class=\"qtmplayer-play qtmplayer-link-sec qtmplayer-play-btn\"><i class='material-icons'>play_arrow<\/i><\/span>\n\t\t<p>\n\t\t\t<span class=\"qtmplayer-tit\">Selec\u00e7\u00e3o angolana come\u00e7a hoje micro est\u00e1gio de dez dias no Dubai<\/span>\n\t\t\t<span class=\"qtmplayer-art\">RNA<\/span>\n\t\t<\/p>\n\t<\/li>\n\t\t<\/ul>\n\t<\/div>\t\t\t\n\t\n<p style=\"font-weight: 400;\">De recordar que, Angola tem agendado para s\u00e1bado, 07 de janeiro, o primeiro amistoso diante da\u00a0 Rep\u00fablica Democr\u00e1tica do Congo e quatro dias depois ter\u00e1 pela frente o Bahrein.<\/p>\n<p>Fonte: R\u00e1dio 5\/RNA<\/p>\n","protected":false},"excerpt":{"rendered":"<p>Os Palancas Negras concentram-se hoje, 02 de janeiro, no Dubai, para um micro est\u00e1gio de aproximadamente dez dias\u00a0 no esbo\u00e7o ao CAN da Cote D&#8217;Ivoire, que come\u00e7a no dia 13 deste m\u00eas. Pedro Gon\u00e7alves, seleccionador nacional, espera nestes dez dias no Dubai encontrar mais advers\u00e1rios para os jogos de prepara\u00e7\u00e3o. ...<\/p>\n","protected":false},"author":8,"featured_media":73954,"comment_status":"closed","ping_status":"closed","sticky":false,"template":"","format":"standard","meta":[],"categories":[145,125,164,163],"tags":[],"_links":{"self":[{"href":"https:\/\/rna.ao\/rna.ao\/wp-json\/wp\/v2\/posts\/127483"}],"collection":[{"href":"https:\/\/rna.ao\/rna.ao\/wp-json\/wp\/v2\/posts"}],"about":[{"href":"https:\/\/rna.ao\/rna.ao\/wp-json\/wp\/v2\/types\/post"}],"author":[{"embeddable":true,"href":"https:\/\/rna.ao\/rna.ao\/wp-json\/wp\/v2\/users\/8"}],"replies":[{"embeddable":true,"href":"https:\/\/rna.ao\/rna.ao\/wp-json\/wp\/v2\/comments?post=127483"}],"version-history":[{"count":1,"href":"https:\/\/rna.ao\/rna.ao\/wp-json\/wp\/v2\/posts\/127483\/revisions"}],"predecessor-version":[{"id":127485,"href":"https:\/\/rna.ao\/rna.ao\/wp-json\/wp\/v2\/posts\/127483\/revisions\/127485"}],"wp:featuredmedia":[{"embeddable":true,"href":"https:\/\/rna.ao\/rna.ao\/wp-json\/wp\/v2\/media\/73954"}],"wp:attachment":[{"href":"https:\/\/rna.ao\/rna.ao\/wp-json\/wp\/v2\/media?parent=127483"}],"wp:term":[{"taxonomy":"category","embeddable":true,"href":"https:\/\/rna.ao\/rna.ao\/wp-json\/wp\/v2\/categories?post=127483"},{"taxonomy":"post_tag","embeddable":true,"href":"https:\/\/rna.ao\/rna.ao\/wp-json\/wp\/v2\/tags?post=127483"}],"curies":[{"name":"wp","href":"https:\/\/api.w.org\/{rel}","templated":true}]}}