{"id":127477,"date":"2024-01-02T05:29:33","date_gmt":"2024-01-02T04:29:33","guid":{"rendered":"https:\/\/rna.ao\/rna.ao\/?p=127477"},"modified":"2024-01-02T06:32:30","modified_gmt":"2024-01-02T05:32:30","slug":"gilberto-entra-nas-contas-do-can","status":"publish","type":"post","link":"https:\/\/rna.ao\/rna.ao\/2024\/01\/02\/gilberto-entra-nas-contas-do-can\/","title":{"rendered":"Gilberto entra nas contas do CAN"},"content":{"rendered":"<p style=\"font-weight: 400;\"><img loading=\"lazy\" class=\"size-medium wp-image-127480 aligncenter\" src=\"https:\/\/rna.ao\/rna.ao\/wp-content\/uploads\/2024\/01\/Gilberto-770x434.jpg\" alt=\"\" width=\"770\" height=\"434\" srcset=\"https:\/\/rna.ao\/rna.ao\/wp-content\/uploads\/2024\/01\/Gilberto-770x434.jpg 770w, https:\/\/rna.ao\/rna.ao\/wp-content\/uploads\/2024\/01\/Gilberto-768x432.jpg 768w, https:\/\/rna.ao\/rna.ao\/wp-content\/uploads\/2024\/01\/Gilberto.jpg 920w\" sizes=\"(max-width: 770px) 100vw, 770px\" \/>Quando faltam 11 dias da edi\u00e7\u00e3o 34 do africano das na\u00e7\u00f5es que vai decorrer na Cot\u00ea D\u2019Ivoire, Gilberto entra nas contas de Pedro Gon\u00e7alves para o CAN.<\/p>\n<p style=\"font-weight: 400;\">O avan\u00e7ado do Petro de Luanda foi chamado para colmatar a aus\u00eancia de\u00a0 Mbala Nzola nos Palancas Negras. O ponta da Fiorentina rejeitou o convite do 11 angolano. O comentador, Paulo Tom\u00e1s, aplaude a chamada de Gilberto. Clique no \u00e1udio e ou\u00e7a:<\/p>\n\t<div class=\"qtmplayer-playlist-large\">\n\t\t<ul class=\"qtmplayer-playlist\">\n\t\t\t\n\t\t\t\t\t<li class=\"qtmplayer-trackitem\">\n\t\t<img src=\"https:\/\/rna.ao\/rna.ao\/wp-content\/uploads\/2024\/01\/Gilberto-1-100x100.jpg\" alt=\"cover\">\t\t<span \t\t\tdata-qtmplayer-cover=\"https:\/\/rna.ao\/rna.ao\/wp-content\/uploads\/2024\/01\/Gilberto-1.jpg\"\n\t\t\t\t\t\tdata-qtmplayer-file=\"https:\/\/rna.ao\/rna.ao\/wp-content\/uploads\/2024\/01\/P-J-1-PAULO-TOMAS-02-01-24.mp3\"\n\t\t\t\t\t\tdata-qtmplayer-title=\"Gilberto entra nas contas do CAN\"\n\t\t\t\t\t\tdata-qtmplayer-artist=\"RNA\"\n\t\t\t\t\t\tdata-qtmplayer-link=\"https:\/\/rna.ao\/rna.ao\/2024\/01\/02\/gilberto-entra-nas-contas-do-can\/\"\n\t\t\t\t\t\tdata-qtmplayer-icon=\"file_download\"\n\t\t\t\t\t\tdata-qtmplayer-type=\"track\"\n\t\t\t class=\"qtmplayer-play qtmplayer-link-sec qtmplayer-play-btn\"><i class='material-icons'>play_arrow<\/i><\/span>\n\t\t<p>\n\t\t\t<span class=\"qtmplayer-tit\">Gilberto entra nas contas do CAN<\/span>\n\t\t\t<span class=\"qtmplayer-art\">RNA<\/span>\n\t\t<\/p>\n\t<\/li>\n\t\t<\/ul>\n\t<\/div>\t\t\t\n\t\n<p style=\"font-weight: 400;\">De recordar que, os 23 eleitos para o CAN s\u00e3o os seguintes:<\/p>\n<p style=\"font-weight: 400;\">3 (Guarda-redes) Nebl\u00fa, Kad\u00fa e Dominique; 7 (Defesas) T\u00f3 Carneiro, Eddie Afonso, Quinito, Jonathan Buatu, Gaspar, Loide Augusto e Nuriu Fortuna. 6 (M\u00e9dios) Fredy, Beni, Bruno Paz, Keliano, Show e Estrela. E 7 (Avan\u00e7ados) Zine, Mabululu, Milson, Gelson Dala, Jer\u00e9mi Bela, Zito Luvumbo<strong>\u00a0<\/strong>e Gilberto.<\/p>\n<p>Fonte: R\u00e1dio 5\/RNA<\/p>\n","protected":false},"excerpt":{"rendered":"<p>Quando faltam 11 dias da edi\u00e7\u00e3o 34 do africano das na\u00e7\u00f5es que vai decorrer na Cot\u00ea D\u2019Ivoire, Gilberto entra nas contas de Pedro Gon\u00e7alves para o CAN. O avan\u00e7ado do Petro de Luanda foi chamado para colmatar a aus\u00eancia de\u00a0 Mbala Nzola nos Palancas Negras. O ponta da Fiorentina rejeitou ...<\/p>\n","protected":false},"author":8,"featured_media":127481,"comment_status":"closed","ping_status":"closed","sticky":false,"template":"","format":"standard","meta":[],"categories":[145,125,164,163],"tags":[],"_links":{"self":[{"href":"https:\/\/rna.ao\/rna.ao\/wp-json\/wp\/v2\/posts\/127477"}],"collection":[{"href":"https:\/\/rna.ao\/rna.ao\/wp-json\/wp\/v2\/posts"}],"about":[{"href":"https:\/\/rna.ao\/rna.ao\/wp-json\/wp\/v2\/types\/post"}],"author":[{"embeddable":true,"href":"https:\/\/rna.ao\/rna.ao\/wp-json\/wp\/v2\/users\/8"}],"replies":[{"embeddable":true,"href":"https:\/\/rna.ao\/rna.ao\/wp-json\/wp\/v2\/comments?post=127477"}],"version-history":[{"count":2,"href":"https:\/\/rna.ao\/rna.ao\/wp-json\/wp\/v2\/posts\/127477\/revisions"}],"predecessor-version":[{"id":127501,"href":"https:\/\/rna.ao\/rna.ao\/wp-json\/wp\/v2\/posts\/127477\/revisions\/127501"}],"wp:featuredmedia":[{"embeddable":true,"href":"https:\/\/rna.ao\/rna.ao\/wp-json\/wp\/v2\/media\/127481"}],"wp:attachment":[{"href":"https:\/\/rna.ao\/rna.ao\/wp-json\/wp\/v2\/media?parent=127477"}],"wp:term":[{"taxonomy":"category","embeddable":true,"href":"https:\/\/rna.ao\/rna.ao\/wp-json\/wp\/v2\/categories?post=127477"},{"taxonomy":"post_tag","embeddable":true,"href":"https:\/\/rna.ao\/rna.ao\/wp-json\/wp\/v2\/tags?post=127477"}],"curies":[{"name":"wp","href":"https:\/\/api.w.org\/{rel}","templated":true}]}}