{"id":127473,"date":"2024-01-02T05:52:29","date_gmt":"2024-01-02T04:52:29","guid":{"rendered":"https:\/\/rna.ao\/rna.ao\/?p=127473"},"modified":"2024-01-02T05:52:29","modified_gmt":"2024-01-02T04:52:29","slug":"novas-caracteristicas-de-matriculas-de-veiculos-comecam-a-ser-implementadas-este-mes","status":"publish","type":"post","link":"https:\/\/rna.ao\/rna.ao\/2024\/01\/02\/novas-caracteristicas-de-matriculas-de-veiculos-comecam-a-ser-implementadas-este-mes\/","title":{"rendered":"Novas caracter\u00edsticas de matr\u00edculas de ve\u00edculos come\u00e7am a ser implementadas este m\u00eas"},"content":{"rendered":"<p><img loading=\"lazy\" class=\"size-full wp-image-24825 alignleft\" src=\"https:\/\/rna.ao\/rna.ao\/wp-content\/uploads\/2021\/05\/Novas-matriculas.jpg\" alt=\"\" width=\"288\" height=\"263\" \/>A partir deste m\u00eas de Janeiro o pa\u00eds passa a contar com novas chapas de matr\u00edcula em viaturas. Nas novas caracter\u00edsticas de matr\u00edcula de ve\u00edculos, destaque para a Bandeira Nacional, bem como o m\u00eas e o ano da sua atribui\u00e7\u00e3o.<\/p>\n<p>Entram igualmente em vigor os exames de condu\u00e7\u00e3o multim\u00e9dia. Segundo o Comandante Geral da Pol\u00edcia Nacional, Comiss\u00e1rio Geral Arnaldo Carlos, est\u00e3o ultrapassados os constrangimentos que impediam a implementa\u00e7\u00e3o das novas medidas. Clique no \u00e1udio e ou\u00e7a:<\/p>\n\t<div class=\"qtmplayer-playlist-large\">\n\t\t<ul class=\"qtmplayer-playlist\">\n\t\t\t\n\t\t\t\t\t<li class=\"qtmplayer-trackitem\">\n\t\t<img src=\"https:\/\/rna.ao\/rna.ao\/wp-content\/uploads\/2021\/05\/Novas-matriculas-100x100.jpg\" alt=\"cover\">\t\t<span \t\t\tdata-qtmplayer-cover=\"https:\/\/rna.ao\/rna.ao\/wp-content\/uploads\/2021\/05\/Novas-matriculas.jpg\"\n\t\t\t\t\t\tdata-qtmplayer-file=\"https:\/\/rna.ao\/rna.ao\/wp-content\/uploads\/2024\/01\/ARNALDO-CARLOS-6H.mp3\"\n\t\t\t\t\t\tdata-qtmplayer-title=\"Novas caracter\u00edsticas de matr\u00edculas de ve\u00edculos come\u00e7am a ser implementadas este m\u00eas\"\n\t\t\t\t\t\tdata-qtmplayer-artist=\"RNA\"\n\t\t\t\t\t\tdata-qtmplayer-link=\"https:\/\/rna.ao\/rna.ao\/2024\/01\/02\/novas-caracteristicas-de-matriculas-de-veiculos-comecam-a-ser-implementadas-este-mes\/\"\n\t\t\t\t\t\tdata-qtmplayer-icon=\"file_download\"\n\t\t\t\t\t\tdata-qtmplayer-type=\"track\"\n\t\t\t class=\"qtmplayer-play qtmplayer-link-sec qtmplayer-play-btn\"><i class='material-icons'>play_arrow<\/i><\/span>\n\t\t<p>\n\t\t\t<span class=\"qtmplayer-tit\">Novas caracter\u00edsticas de matr\u00edculas de ve\u00edculos come\u00e7am a ser implementadas este m\u00eas<\/span>\n\t\t\t<span class=\"qtmplayer-art\">RNA<\/span>\n\t\t<\/p>\n\t<\/li>\n\t\t<\/ul>\n\t<\/div>\t\t\t\n\t\n<p>Fonte: RNA<\/p>\n","protected":false},"excerpt":{"rendered":"<p>A partir deste m\u00eas de Janeiro o pa\u00eds passa a contar com novas chapas de matr\u00edcula em viaturas. Nas novas caracter\u00edsticas de matr\u00edcula de ve\u00edculos, destaque para a Bandeira Nacional, bem como o m\u00eas e o ano da sua atribui\u00e7\u00e3o. Entram igualmente em vigor os exames de condu\u00e7\u00e3o multim\u00e9dia. Segundo ...<\/p>\n","protected":false},"author":8,"featured_media":24825,"comment_status":"closed","ping_status":"closed","sticky":false,"template":"","format":"standard","meta":[],"categories":[142,121,163],"tags":[],"_links":{"self":[{"href":"https:\/\/rna.ao\/rna.ao\/wp-json\/wp\/v2\/posts\/127473"}],"collection":[{"href":"https:\/\/rna.ao\/rna.ao\/wp-json\/wp\/v2\/posts"}],"about":[{"href":"https:\/\/rna.ao\/rna.ao\/wp-json\/wp\/v2\/types\/post"}],"author":[{"embeddable":true,"href":"https:\/\/rna.ao\/rna.ao\/wp-json\/wp\/v2\/users\/8"}],"replies":[{"embeddable":true,"href":"https:\/\/rna.ao\/rna.ao\/wp-json\/wp\/v2\/comments?post=127473"}],"version-history":[{"count":1,"href":"https:\/\/rna.ao\/rna.ao\/wp-json\/wp\/v2\/posts\/127473\/revisions"}],"predecessor-version":[{"id":127476,"href":"https:\/\/rna.ao\/rna.ao\/wp-json\/wp\/v2\/posts\/127473\/revisions\/127476"}],"wp:featuredmedia":[{"embeddable":true,"href":"https:\/\/rna.ao\/rna.ao\/wp-json\/wp\/v2\/media\/24825"}],"wp:attachment":[{"href":"https:\/\/rna.ao\/rna.ao\/wp-json\/wp\/v2\/media?parent=127473"}],"wp:term":[{"taxonomy":"category","embeddable":true,"href":"https:\/\/rna.ao\/rna.ao\/wp-json\/wp\/v2\/categories?post=127473"},{"taxonomy":"post_tag","embeddable":true,"href":"https:\/\/rna.ao\/rna.ao\/wp-json\/wp\/v2\/tags?post=127473"}],"curies":[{"name":"wp","href":"https:\/\/api.w.org\/{rel}","templated":true}]}}