{"id":127468,"date":"2024-01-02T05:45:27","date_gmt":"2024-01-02T04:45:27","guid":{"rendered":"https:\/\/rna.ao\/rna.ao\/?p=127468"},"modified":"2024-01-02T05:45:27","modified_gmt":"2024-01-02T04:45:27","slug":"nova-proposta-de-divisao-politico-administrativa-vai-ser-remetida-ao-parlamento-nos-proximos-dias","status":"publish","type":"post","link":"https:\/\/rna.ao\/rna.ao\/2024\/01\/02\/nova-proposta-de-divisao-politico-administrativa-vai-ser-remetida-ao-parlamento-nos-proximos-dias\/","title":{"rendered":"Nova proposta de Divis\u00e3o Pol\u00edtico-Administrativa vai ser remetida ao Parlamento nos pr\u00f3ximos dias"},"content":{"rendered":"<p style=\"font-weight: 400;\"><img loading=\"lazy\" class=\" wp-image-127470 aligncenter\" src=\"https:\/\/rna.ao\/rna.ao\/wp-content\/uploads\/2024\/01\/Dionisio-da-Fonseca.jpg\" alt=\"\" width=\"754\" height=\"432\" \/>A nova proposta de Divis\u00e3o Pol\u00edtico-Administrativa prev\u00ea elevar cento e sessenta e duas Comunas e Distritos Urbanos a categoria de Munic\u00edpios. As circunscri\u00e7\u00f5es v\u00e3o juntar-se aos actuais 164 Munic\u00edpios.<\/p>\n<p style=\"font-weight: 400;\">Para o caso de Luanda, o Ministro da Administra\u00e7\u00e3o do Territ\u00f3rio, Dion\u00edsio da Fonseca, informa a cria\u00e7\u00e3o de novos Munic\u00edpios, tais como Kilamba, Estalagem e Calumbo, este \u00faltimo vai reunir os bairros do Zango 1, 2, 3 e 5. Saiba mais, no \u00e1udio abaixo, com o jornalista Est\u00eav\u00e3o Borges:<\/p>\n\t<div class=\"qtmplayer-playlist-large\">\n\t\t<ul class=\"qtmplayer-playlist\">\n\t\t\t\n\t\t\t\t\t<li class=\"qtmplayer-trackitem\">\n\t\t<img src=\"https:\/\/rna.ao\/rna.ao\/wp-content\/uploads\/2024\/01\/Dionisio-da-Fonseca-1-100x100.jpg\" alt=\"cover\">\t\t<span \t\t\tdata-qtmplayer-cover=\"https:\/\/rna.ao\/rna.ao\/wp-content\/uploads\/2024\/01\/Dionisio-da-Fonseca-1.jpg\"\n\t\t\t\t\t\tdata-qtmplayer-file=\"https:\/\/rna.ao\/rna.ao\/wp-content\/uploads\/2024\/01\/ESTEVAO-BORGES-6H.mp3\"\n\t\t\t\t\t\tdata-qtmplayer-title=\"Nova proposta de Divis\u00e3o Pol\u00edtico-Administrativa vai ser remetida ao Parlamento nos pr\u00f3ximos dias\"\n\t\t\t\t\t\tdata-qtmplayer-artist=\"RNA\"\n\t\t\t\t\t\tdata-qtmplayer-link=\"https:\/\/rna.ao\/rna.ao\/2024\/01\/02\/nova-proposta-de-divisao-politico-administrativa-vai-ser-remetida-ao-parlamento-nos-proximos-dias\/\"\n\t\t\t\t\t\tdata-qtmplayer-icon=\"file_download\"\n\t\t\t\t\t\tdata-qtmplayer-type=\"track\"\n\t\t\t class=\"qtmplayer-play qtmplayer-link-sec qtmplayer-play-btn\"><i class='material-icons'>play_arrow<\/i><\/span>\n\t\t<p>\n\t\t\t<span class=\"qtmplayer-tit\">Nova proposta de Divis\u00e3o Pol\u00edtico-Administrativa vai ser remetida ao Parlamento nos pr\u00f3ximos dias<\/span>\n\t\t\t<span class=\"qtmplayer-art\">RNA<\/span>\n\t\t<\/p>\n\t<\/li>\n\t\t<\/ul>\n\t<\/div>\t\t\t\n\t\n<p>Fonte: RNA<\/p>\n","protected":false},"excerpt":{"rendered":"<p>A nova proposta de Divis\u00e3o Pol\u00edtico-Administrativa prev\u00ea elevar cento e sessenta e duas Comunas e Distritos Urbanos a categoria de Munic\u00edpios. As circunscri\u00e7\u00f5es v\u00e3o juntar-se aos actuais 164 Munic\u00edpios. Para o caso de Luanda, o Ministro da Administra\u00e7\u00e3o do Territ\u00f3rio, Dion\u00edsio da Fonseca, informa a cria\u00e7\u00e3o de novos Munic\u00edpios, tais ...<\/p>\n","protected":false},"author":8,"featured_media":127471,"comment_status":"closed","ping_status":"closed","sticky":false,"template":"","format":"standard","meta":[],"categories":[142,121,163],"tags":[],"_links":{"self":[{"href":"https:\/\/rna.ao\/rna.ao\/wp-json\/wp\/v2\/posts\/127468"}],"collection":[{"href":"https:\/\/rna.ao\/rna.ao\/wp-json\/wp\/v2\/posts"}],"about":[{"href":"https:\/\/rna.ao\/rna.ao\/wp-json\/wp\/v2\/types\/post"}],"author":[{"embeddable":true,"href":"https:\/\/rna.ao\/rna.ao\/wp-json\/wp\/v2\/users\/8"}],"replies":[{"embeddable":true,"href":"https:\/\/rna.ao\/rna.ao\/wp-json\/wp\/v2\/comments?post=127468"}],"version-history":[{"count":1,"href":"https:\/\/rna.ao\/rna.ao\/wp-json\/wp\/v2\/posts\/127468\/revisions"}],"predecessor-version":[{"id":127472,"href":"https:\/\/rna.ao\/rna.ao\/wp-json\/wp\/v2\/posts\/127468\/revisions\/127472"}],"wp:featuredmedia":[{"embeddable":true,"href":"https:\/\/rna.ao\/rna.ao\/wp-json\/wp\/v2\/media\/127471"}],"wp:attachment":[{"href":"https:\/\/rna.ao\/rna.ao\/wp-json\/wp\/v2\/media?parent=127468"}],"wp:term":[{"taxonomy":"category","embeddable":true,"href":"https:\/\/rna.ao\/rna.ao\/wp-json\/wp\/v2\/categories?post=127468"},{"taxonomy":"post_tag","embeddable":true,"href":"https:\/\/rna.ao\/rna.ao\/wp-json\/wp\/v2\/tags?post=127468"}],"curies":[{"name":"wp","href":"https:\/\/api.w.org\/{rel}","templated":true}]}}