{"id":127462,"date":"2024-01-02T05:38:09","date_gmt":"2024-01-02T04:38:09","guid":{"rendered":"https:\/\/rna.ao\/rna.ao\/?p=127462"},"modified":"2024-01-02T05:38:09","modified_gmt":"2024-01-02T04:38:09","slug":"plano-financeiro-do-governo-preve-reducao-do-racio-da-divida-publica-para-692-do-pib","status":"publish","type":"post","link":"https:\/\/rna.ao\/rna.ao\/2024\/01\/02\/plano-financeiro-do-governo-preve-reducao-do-racio-da-divida-publica-para-692-do-pib\/","title":{"rendered":"Plano financeiro do Governo prev\u00ea redu\u00e7\u00e3o do r\u00e1cio da d\u00edvida p\u00fablica para 69,2% do PIB"},"content":{"rendered":"<p style=\"font-weight: 400;\"><img loading=\"lazy\" class=\"size-full wp-image-50059 alignleft\" src=\"https:\/\/rna.ao\/rna.ao\/wp-content\/uploads\/2022\/01\/Fuga-ao-fisco.-Calculadora-e-lapis.jpg\" alt=\"\" width=\"276\" height=\"183\" \/>O Plano Financeiro do Governo prev\u00ea, para este ano, a redu\u00e7\u00e3o do r\u00e1cio da d\u00edvida p\u00fablica para 69,2 por cento do Produto Interno Bruto, PIB.<\/p>\n<p style=\"font-weight: 400;\">Em entrevista \u00e0 RNA, o Director Nacional do Or\u00e7amento, Edil\u00e1sio Caleia, afirmou que o executivo est\u00e1 a preparar um mecanismo de melhoria do controlo da despesa p\u00fablica, alinhado \u00e0 estrat\u00e9gia do Plano Nacional de Desenvolvimento. Clique no \u00e1udio e ou\u00e7a:<\/p>\n\t<div class=\"qtmplayer-playlist-large\">\n\t\t<ul class=\"qtmplayer-playlist\">\n\t\t\t\n\t\t\t\t\t<li class=\"qtmplayer-trackitem\">\n\t\t<img src=\"https:\/\/rna.ao\/rna.ao\/wp-content\/uploads\/2022\/01\/Fuga-ao-fisco.-Calculadora-e-lapis-100x100.jpg\" alt=\"cover\">\t\t<span \t\t\tdata-qtmplayer-cover=\"https:\/\/rna.ao\/rna.ao\/wp-content\/uploads\/2022\/01\/Fuga-ao-fisco.-Calculadora-e-lapis.jpg\"\n\t\t\t\t\t\tdata-qtmplayer-file=\"https:\/\/rna.ao\/rna.ao\/wp-content\/uploads\/2024\/01\/EDILASIO-CALEIA-6H.mp3\"\n\t\t\t\t\t\tdata-qtmplayer-title=\"Plano financeiro do Governo prev\u00ea redu\u00e7\u00e3o do r\u00e1cio da d\u00edvida p\u00fablica para 69,2% do PIB\"\n\t\t\t\t\t\tdata-qtmplayer-artist=\"RNA\"\n\t\t\t\t\t\tdata-qtmplayer-link=\"https:\/\/rna.ao\/rna.ao\/2024\/01\/02\/plano-financeiro-do-governo-preve-reducao-do-racio-da-divida-publica-para-692-do-pib\/\"\n\t\t\t\t\t\tdata-qtmplayer-icon=\"file_download\"\n\t\t\t\t\t\tdata-qtmplayer-type=\"track\"\n\t\t\t class=\"qtmplayer-play qtmplayer-link-sec qtmplayer-play-btn\"><i class='material-icons'>play_arrow<\/i><\/span>\n\t\t<p>\n\t\t\t<span class=\"qtmplayer-tit\">Plano financeiro do Governo prev\u00ea redu\u00e7\u00e3o do r\u00e1cio da d\u00edvida p\u00fablica para 69,2% do PIB<\/span>\n\t\t\t<span class=\"qtmplayer-art\">RNA<\/span>\n\t\t<\/p>\n\t<\/li>\n\t\t<\/ul>\n\t<\/div>\t\t\t\n\t\n<p>Fonte: RNA<\/p>\n","protected":false},"excerpt":{"rendered":"<p>O Plano Financeiro do Governo prev\u00ea, para este ano, a redu\u00e7\u00e3o do r\u00e1cio da d\u00edvida p\u00fablica para 69,2 por cento do Produto Interno Bruto, PIB. Em entrevista \u00e0 RNA, o Director Nacional do Or\u00e7amento, Edil\u00e1sio Caleia, afirmou que o executivo est\u00e1 a preparar um mecanismo de melhoria do controlo da ...<\/p>\n","protected":false},"author":8,"featured_media":50059,"comment_status":"closed","ping_status":"closed","sticky":false,"template":"","format":"standard","meta":[],"categories":[142,121,163],"tags":[],"_links":{"self":[{"href":"https:\/\/rna.ao\/rna.ao\/wp-json\/wp\/v2\/posts\/127462"}],"collection":[{"href":"https:\/\/rna.ao\/rna.ao\/wp-json\/wp\/v2\/posts"}],"about":[{"href":"https:\/\/rna.ao\/rna.ao\/wp-json\/wp\/v2\/types\/post"}],"author":[{"embeddable":true,"href":"https:\/\/rna.ao\/rna.ao\/wp-json\/wp\/v2\/users\/8"}],"replies":[{"embeddable":true,"href":"https:\/\/rna.ao\/rna.ao\/wp-json\/wp\/v2\/comments?post=127462"}],"version-history":[{"count":1,"href":"https:\/\/rna.ao\/rna.ao\/wp-json\/wp\/v2\/posts\/127462\/revisions"}],"predecessor-version":[{"id":127467,"href":"https:\/\/rna.ao\/rna.ao\/wp-json\/wp\/v2\/posts\/127462\/revisions\/127467"}],"wp:featuredmedia":[{"embeddable":true,"href":"https:\/\/rna.ao\/rna.ao\/wp-json\/wp\/v2\/media\/50059"}],"wp:attachment":[{"href":"https:\/\/rna.ao\/rna.ao\/wp-json\/wp\/v2\/media?parent=127462"}],"wp:term":[{"taxonomy":"category","embeddable":true,"href":"https:\/\/rna.ao\/rna.ao\/wp-json\/wp\/v2\/categories?post=127462"},{"taxonomy":"post_tag","embeddable":true,"href":"https:\/\/rna.ao\/rna.ao\/wp-json\/wp\/v2\/tags?post=127462"}],"curies":[{"name":"wp","href":"https:\/\/api.w.org\/{rel}","templated":true}]}}