{"id":127428,"date":"2023-12-31T07:45:01","date_gmt":"2023-12-31T06:45:01","guid":{"rendered":"https:\/\/rna.ao\/rna.ao\/?p=127428"},"modified":"2023-12-31T08:10:16","modified_gmt":"2023-12-31T07:10:16","slug":"policia-nacional-mobiliza-mais-de-cem-mil-efectivos-para-garantir-a-passagem-de-ano","status":"publish","type":"post","link":"https:\/\/rna.ao\/rna.ao\/2023\/12\/31\/policia-nacional-mobiliza-mais-de-cem-mil-efectivos-para-garantir-a-passagem-de-ano\/","title":{"rendered":"Pol\u00edcia Nacional mobiliza mais de cem mil efectivos para garantir a passagem de ano"},"content":{"rendered":"<p><img loading=\"lazy\" class=\"size-medium wp-image-123782 aligncenter\" src=\"https:\/\/rna.ao\/rna.ao\/wp-content\/uploads\/2023\/11\/Mulher-Policia-770x385.jpg\" alt=\"\" width=\"770\" height=\"385\" srcset=\"https:\/\/rna.ao\/rna.ao\/wp-content\/uploads\/2023\/11\/Mulher-Policia-770x385.jpg 770w, https:\/\/rna.ao\/rna.ao\/wp-content\/uploads\/2023\/11\/Mulher-Policia-1170x585.jpg 1170w, https:\/\/rna.ao\/rna.ao\/wp-content\/uploads\/2023\/11\/Mulher-Policia-768x384.jpg 768w, https:\/\/rna.ao\/rna.ao\/wp-content\/uploads\/2023\/11\/Mulher-Policia.jpg 1280w\" sizes=\"(max-width: 770px) 100vw, 770px\" \/>A Pol\u00edcia Nacional tem mobilizados mais de cem mil efectivos, para garantir a seguran\u00e7a e tranquilidade p\u00fablica em todo o pa\u00eds na passagem de ano.<\/p>\n<p>A apresenta\u00e7\u00e3o das for\u00e7as aconteceu na Unidade de Reac\u00e7\u00e3o e Patrulhamento de Luanda. Clique, no \u00e1udio abaixo, e saiba mais com o jornalista Francisco Henriques:<\/p>\n\t<div class=\"qtmplayer-playlist-large\">\n\t\t<ul class=\"qtmplayer-playlist\">\n\t\t\t\n\t\t\t\t\t<li class=\"qtmplayer-trackitem\">\n\t\t<img src=\"https:\/\/rna.ao\/rna.ao\/wp-content\/uploads\/2023\/11\/Mulher-Policia-1-100x100.jpg\" alt=\"cover\">\t\t<span \t\t\tdata-qtmplayer-cover=\"https:\/\/rna.ao\/rna.ao\/wp-content\/uploads\/2023\/11\/Mulher-Policia-1.jpg\"\n\t\t\t\t\t\tdata-qtmplayer-file=\"https:\/\/rna.ao\/rna.ao\/wp-content\/uploads\/2023\/12\/FRANCISCO-HENRIQUES-POLICIA-NACIONAL-07HS.mp3\"\n\t\t\t\t\t\tdata-qtmplayer-title=\"Pol\u00edcia Nacional mobiliza mais de cem mil efectivos para garantir a passagem de ano\"\n\t\t\t\t\t\tdata-qtmplayer-artist=\"RNA\"\n\t\t\t\t\t\tdata-qtmplayer-link=\"https:\/\/rna.ao\/rna.ao\/2023\/12\/31\/policia-nacional-mobiliza-mais-de-cem-mil-efectivos-para-garantir-a-passagem-de-ano\/\"\n\t\t\t\t\t\tdata-qtmplayer-icon=\"file_download\"\n\t\t\t\t\t\tdata-qtmplayer-type=\"track\"\n\t\t\t class=\"qtmplayer-play qtmplayer-link-sec qtmplayer-play-btn\"><i class='material-icons'>play_arrow<\/i><\/span>\n\t\t<p>\n\t\t\t<span class=\"qtmplayer-tit\">Pol\u00edcia Nacional mobiliza mais de cem mil efectivos para garantir a passagem de ano<\/span>\n\t\t\t<span class=\"qtmplayer-art\">RNA<\/span>\n\t\t<\/p>\n\t<\/li>\n\t\t<\/ul>\n\t<\/div>\t\t\t\n\t\n<p>Fonte: RNA<\/p>\n","protected":false},"excerpt":{"rendered":"<p>A Pol\u00edcia Nacional tem mobilizados mais de cem mil efectivos, para garantir a seguran\u00e7a e tranquilidade p\u00fablica em todo o pa\u00eds na passagem de ano. A apresenta\u00e7\u00e3o das for\u00e7as aconteceu na Unidade de Reac\u00e7\u00e3o e Patrulhamento de Luanda. Clique, no \u00e1udio abaixo, e saiba mais com o jornalista Francisco Henriques: ...<\/p>\n","protected":false},"author":8,"featured_media":123783,"comment_status":"closed","ping_status":"closed","sticky":false,"template":"","format":"standard","meta":[],"categories":[142,121,164,163],"tags":[],"_links":{"self":[{"href":"https:\/\/rna.ao\/rna.ao\/wp-json\/wp\/v2\/posts\/127428"}],"collection":[{"href":"https:\/\/rna.ao\/rna.ao\/wp-json\/wp\/v2\/posts"}],"about":[{"href":"https:\/\/rna.ao\/rna.ao\/wp-json\/wp\/v2\/types\/post"}],"author":[{"embeddable":true,"href":"https:\/\/rna.ao\/rna.ao\/wp-json\/wp\/v2\/users\/8"}],"replies":[{"embeddable":true,"href":"https:\/\/rna.ao\/rna.ao\/wp-json\/wp\/v2\/comments?post=127428"}],"version-history":[{"count":1,"href":"https:\/\/rna.ao\/rna.ao\/wp-json\/wp\/v2\/posts\/127428\/revisions"}],"predecessor-version":[{"id":127430,"href":"https:\/\/rna.ao\/rna.ao\/wp-json\/wp\/v2\/posts\/127428\/revisions\/127430"}],"wp:featuredmedia":[{"embeddable":true,"href":"https:\/\/rna.ao\/rna.ao\/wp-json\/wp\/v2\/media\/123783"}],"wp:attachment":[{"href":"https:\/\/rna.ao\/rna.ao\/wp-json\/wp\/v2\/media?parent=127428"}],"wp:term":[{"taxonomy":"category","embeddable":true,"href":"https:\/\/rna.ao\/rna.ao\/wp-json\/wp\/v2\/categories?post=127428"},{"taxonomy":"post_tag","embeddable":true,"href":"https:\/\/rna.ao\/rna.ao\/wp-json\/wp\/v2\/tags?post=127428"}],"curies":[{"name":"wp","href":"https:\/\/api.w.org\/{rel}","templated":true}]}}