{"id":127413,"date":"2023-12-30T10:51:34","date_gmt":"2023-12-30T09:51:34","guid":{"rendered":"https:\/\/rna.ao\/rna.ao\/?p=127413"},"modified":"2023-12-31T08:19:31","modified_gmt":"2023-12-31T07:19:31","slug":"contagem-decrescente-para-o-tiro-de-largada-da-sao-silvestre","status":"publish","type":"post","link":"https:\/\/rna.ao\/rna.ao\/2023\/12\/30\/contagem-decrescente-para-o-tiro-de-largada-da-sao-silvestre\/","title":{"rendered":"Contagem decrescente para o tiro de largada da S\u00e3o Silvestre"},"content":{"rendered":"<p style=\"font-weight: 400;\"><img loading=\"lazy\" class=\"size-full wp-image-41222 alignleft\" src=\"https:\/\/rna.ao\/rna.ao\/wp-content\/uploads\/2021\/10\/Sao-Silvestre.jpg\" alt=\"\" width=\"314\" height=\"196\" \/>J\u00e1 s\u00f3 falta um dia para o tiro de largada da tradicional corrida de final de ano &#8211; a S\u00e3o Silvestre, na sua edi\u00e7\u00e3o 67.<br \/>\nBernardo Jo\u00e3o, o l\u00edder da Federa\u00e7\u00e3o que organiza a corrida de final de ano, confirma a presen\u00e7a dos pa\u00edses da regi\u00e3o SADC, mas referencia a desist\u00eancia de Macau que antes era dada como certa. Clique no \u00e1udio e ou\u00e7a:<\/p>\n\t<div class=\"qtmplayer-playlist-large\">\n\t\t<ul class=\"qtmplayer-playlist\">\n\t\t\t\n\t\t\t\t\t<li class=\"qtmplayer-trackitem\">\n\t\t<img src=\"https:\/\/rna.ao\/rna.ao\/wp-content\/uploads\/2021\/10\/Sao-Silvestre-100x100.jpg\" alt=\"cover\">\t\t<span \t\t\tdata-qtmplayer-cover=\"https:\/\/rna.ao\/rna.ao\/wp-content\/uploads\/2021\/10\/Sao-Silvestre.jpg\"\n\t\t\t\t\t\tdata-qtmplayer-file=\"https:\/\/rna.ao\/rna.ao\/wp-content\/uploads\/2023\/12\/13-BERNANRDO-JOAO-39-12-23.mp3\"\n\t\t\t\t\t\tdata-qtmplayer-title=\"Contagem decrescente para o tiro de largada da S\u00e3o Silvestre\"\n\t\t\t\t\t\tdata-qtmplayer-artist=\"RNA\"\n\t\t\t\t\t\tdata-qtmplayer-link=\"https:\/\/rna.ao\/rna.ao\/2023\/12\/30\/contagem-decrescente-para-o-tiro-de-largada-da-sao-silvestre\/\"\n\t\t\t\t\t\tdata-qtmplayer-icon=\"file_download\"\n\t\t\t\t\t\tdata-qtmplayer-type=\"track\"\n\t\t\t class=\"qtmplayer-play qtmplayer-link-sec qtmplayer-play-btn\"><i class='material-icons'>play_arrow<\/i><\/span>\n\t\t<p>\n\t\t\t<span class=\"qtmplayer-tit\">Contagem decrescente para o tiro de largada da S\u00e3o Silvestre<\/span>\n\t\t\t<span class=\"qtmplayer-art\">RNA<\/span>\n\t\t<\/p>\n\t<\/li>\n\t\t<\/ul>\n\t<\/div>\t\t\t\n\t\n<p style=\"font-weight: 400;\">De recordar que, a edi\u00e7\u00e3o passada foi ganha em masculinos por Raphael Olekay do K\u00e9nia, ao passo que em femininos a vit\u00f3ria coube \u00e0 angolana Ernestina Paulino atleta que corre pelo Interclube.<\/p>\n<p>Fonte: R\u00e1dio 5\/RNA<\/p>\n","protected":false},"excerpt":{"rendered":"<p>J\u00e1 s\u00f3 falta um dia para o tiro de largada da tradicional corrida de final de ano &#8211; a S\u00e3o Silvestre, na sua edi\u00e7\u00e3o 67. Bernardo Jo\u00e3o, o l\u00edder da Federa\u00e7\u00e3o que organiza a corrida de final de ano, confirma a presen\u00e7a dos pa\u00edses da regi\u00e3o SADC, mas referencia a ...<\/p>\n","protected":false},"author":8,"featured_media":41222,"comment_status":"closed","ping_status":"closed","sticky":false,"template":"","format":"standard","meta":[],"categories":[145,125],"tags":[],"_links":{"self":[{"href":"https:\/\/rna.ao\/rna.ao\/wp-json\/wp\/v2\/posts\/127413"}],"collection":[{"href":"https:\/\/rna.ao\/rna.ao\/wp-json\/wp\/v2\/posts"}],"about":[{"href":"https:\/\/rna.ao\/rna.ao\/wp-json\/wp\/v2\/types\/post"}],"author":[{"embeddable":true,"href":"https:\/\/rna.ao\/rna.ao\/wp-json\/wp\/v2\/users\/8"}],"replies":[{"embeddable":true,"href":"https:\/\/rna.ao\/rna.ao\/wp-json\/wp\/v2\/comments?post=127413"}],"version-history":[{"count":1,"href":"https:\/\/rna.ao\/rna.ao\/wp-json\/wp\/v2\/posts\/127413\/revisions"}],"predecessor-version":[{"id":127415,"href":"https:\/\/rna.ao\/rna.ao\/wp-json\/wp\/v2\/posts\/127413\/revisions\/127415"}],"wp:featuredmedia":[{"embeddable":true,"href":"https:\/\/rna.ao\/rna.ao\/wp-json\/wp\/v2\/media\/41222"}],"wp:attachment":[{"href":"https:\/\/rna.ao\/rna.ao\/wp-json\/wp\/v2\/media?parent=127413"}],"wp:term":[{"taxonomy":"category","embeddable":true,"href":"https:\/\/rna.ao\/rna.ao\/wp-json\/wp\/v2\/categories?post=127413"},{"taxonomy":"post_tag","embeddable":true,"href":"https:\/\/rna.ao\/rna.ao\/wp-json\/wp\/v2\/tags?post=127413"}],"curies":[{"name":"wp","href":"https:\/\/api.w.org\/{rel}","templated":true}]}}