{"id":127403,"date":"2023-12-30T10:35:22","date_gmt":"2023-12-30T09:35:22","guid":{"rendered":"https:\/\/rna.ao\/rna.ao\/?p=127403"},"modified":"2023-12-31T08:10:05","modified_gmt":"2023-12-31T07:10:05","slug":"treinador-do-santa-rita-culpa-arbitro-pela-derrota-diante-do-wiliete","status":"publish","type":"post","link":"https:\/\/rna.ao\/rna.ao\/2023\/12\/30\/treinador-do-santa-rita-culpa-arbitro-pela-derrota-diante-do-wiliete\/","title":{"rendered":"Treinador do Santa Rita culpa \u00e1rbitro pela derrota diante do Wiliete"},"content":{"rendered":"<p style=\"font-weight: 400;\"><img loading=\"lazy\" class=\"size-medium wp-image-117181 aligncenter\" src=\"https:\/\/rna.ao\/rna.ao\/wp-content\/uploads\/2023\/09\/Santa-Rita-Nzolani-770x513.jpg\" alt=\"\" width=\"770\" height=\"513\" srcset=\"https:\/\/rna.ao\/rna.ao\/wp-content\/uploads\/2023\/09\/Santa-Rita-Nzolani-770x513.jpg 770w, https:\/\/rna.ao\/rna.ao\/wp-content\/uploads\/2023\/09\/Santa-Rita-Nzolani-768x512.jpg 768w, https:\/\/rna.ao\/rna.ao\/wp-content\/uploads\/2023\/09\/Santa-Rita-Nzolani.jpg 1068w\" sizes=\"(max-width: 770px) 100vw, 770px\" \/>O Wiliete de benguela n\u00e3o passou de um rigoroso 2\/2 na recep\u00e7\u00e3o sexta-feira, 29\/12, no est\u00e1dio nacional de Ombaka, ao irrequieto Santa Rita de C\u00e1ssia do U\u00edge. Os jogadores n\u00e3o fizeram as coisas com perfei\u00e7\u00e3o, da\u00ed o empate que penaliza a equipa, de acordo com o treinador principal Silvestre Pel\u00e9. Clique no \u00e1udio e ou\u00e7a:<\/p>\n\t<div class=\"qtmplayer-playlist-large\">\n\t\t<ul class=\"qtmplayer-playlist\">\n\t\t\t\n\t\t\t\t\t<li class=\"qtmplayer-trackitem\">\n\t\t<img src=\"https:\/\/rna.ao\/rna.ao\/wp-content\/uploads\/2023\/09\/Santa-Rita-Nzolani-100x100.jpg\" alt=\"cover\">\t\t<span \t\t\tdata-qtmplayer-cover=\"https:\/\/rna.ao\/rna.ao\/wp-content\/uploads\/2023\/09\/Santa-Rita-Nzolani-370x370.jpg\"\n\t\t\t\t\t\tdata-qtmplayer-file=\"https:\/\/rna.ao\/rna.ao\/wp-content\/uploads\/2023\/12\/7-JOSE-SILVESTRE-PELE-30-12-23.mp3\"\n\t\t\t\t\t\tdata-qtmplayer-title=\"Treinador do Santa Rita culpa \u00e1rbitro pela derrota diante do Wiliete\"\n\t\t\t\t\t\tdata-qtmplayer-artist=\"RNA\"\n\t\t\t\t\t\tdata-qtmplayer-link=\"https:\/\/rna.ao\/rna.ao\/2023\/12\/30\/treinador-do-santa-rita-culpa-arbitro-pela-derrota-diante-do-wiliete\/\"\n\t\t\t\t\t\tdata-qtmplayer-icon=\"file_download\"\n\t\t\t\t\t\tdata-qtmplayer-type=\"track\"\n\t\t\t class=\"qtmplayer-play qtmplayer-link-sec qtmplayer-play-btn\"><i class='material-icons'>play_arrow<\/i><\/span>\n\t\t<p>\n\t\t\t<span class=\"qtmplayer-tit\">Treinador do Santa Rita culpa \u00e1rbitro pela derrota diante do Wiliete<\/span>\n\t\t\t<span class=\"qtmplayer-art\">RNA<\/span>\n\t\t<\/p>\n\t<\/li>\n\t\t<\/ul>\n\t<\/div>\t\t\t\n\t\n<p style=\"font-weight: 400;\">Nzolani Pedro, presidente do clube uigense, atirou-se contra o \u00e1rbitro que, na sua percep\u00e7\u00e3o, teve influ\u00eancia no resultado favorecendo claramente a equipa da casa. Clique no \u00e1udio e ou\u00e7a:<\/p>\n\t<div class=\"qtmplayer-playlist-large\">\n\t\t<ul class=\"qtmplayer-playlist\">\n\t\t\t\n\t\t\t\t\t<li class=\"qtmplayer-trackitem\">\n\t\t<img src=\"https:\/\/rna.ao\/rna.ao\/wp-content\/uploads\/2023\/09\/Santa-Rita-Nzolani-100x100.jpg\" alt=\"cover\">\t\t<span \t\t\tdata-qtmplayer-cover=\"https:\/\/rna.ao\/rna.ao\/wp-content\/uploads\/2023\/09\/Santa-Rita-Nzolani-370x370.jpg\"\n\t\t\t\t\t\tdata-qtmplayer-file=\"https:\/\/rna.ao\/rna.ao\/wp-content\/uploads\/2023\/12\/8-ZOLANY-PEDRO-30-12-23.mp3\"\n\t\t\t\t\t\tdata-qtmplayer-title=\"Treinador do Santa Rita culpa \u00e1rbitro pela derrota diante do Wiliete\"\n\t\t\t\t\t\tdata-qtmplayer-artist=\"RNA\"\n\t\t\t\t\t\tdata-qtmplayer-link=\"https:\/\/rna.ao\/rna.ao\/2023\/12\/30\/treinador-do-santa-rita-culpa-arbitro-pela-derrota-diante-do-wiliete\/\"\n\t\t\t\t\t\tdata-qtmplayer-icon=\"file_download\"\n\t\t\t\t\t\tdata-qtmplayer-type=\"track\"\n\t\t\t class=\"qtmplayer-play qtmplayer-link-sec qtmplayer-play-btn\"><i class='material-icons'>play_arrow<\/i><\/span>\n\t\t<p>\n\t\t\t<span class=\"qtmplayer-tit\">Treinador do Santa Rita culpa \u00e1rbitro pela derrota diante do Wiliete<\/span>\n\t\t\t<span class=\"qtmplayer-art\">RNA<\/span>\n\t\t<\/p>\n\t<\/li>\n\t\t<\/ul>\n\t<\/div>\t\t\t\n\t\n<p style=\"font-weight: 400;\">Fonte: R\u00e1dio 5\/RNA<\/p>\n","protected":false},"excerpt":{"rendered":"<p>O Wiliete de benguela n\u00e3o passou de um rigoroso 2\/2 na recep\u00e7\u00e3o sexta-feira, 29\/12, no est\u00e1dio nacional de Ombaka, ao irrequieto Santa Rita de C\u00e1ssia do U\u00edge. Os jogadores n\u00e3o fizeram as coisas com perfei\u00e7\u00e3o, da\u00ed o empate que penaliza a equipa, de acordo com o treinador principal Silvestre Pel\u00e9. ...<\/p>\n","protected":false},"author":8,"featured_media":117181,"comment_status":"closed","ping_status":"closed","sticky":false,"template":"","format":"standard","meta":[],"categories":[145,125,164,163],"tags":[],"_links":{"self":[{"href":"https:\/\/rna.ao\/rna.ao\/wp-json\/wp\/v2\/posts\/127403"}],"collection":[{"href":"https:\/\/rna.ao\/rna.ao\/wp-json\/wp\/v2\/posts"}],"about":[{"href":"https:\/\/rna.ao\/rna.ao\/wp-json\/wp\/v2\/types\/post"}],"author":[{"embeddable":true,"href":"https:\/\/rna.ao\/rna.ao\/wp-json\/wp\/v2\/users\/8"}],"replies":[{"embeddable":true,"href":"https:\/\/rna.ao\/rna.ao\/wp-json\/wp\/v2\/comments?post=127403"}],"version-history":[{"count":1,"href":"https:\/\/rna.ao\/rna.ao\/wp-json\/wp\/v2\/posts\/127403\/revisions"}],"predecessor-version":[{"id":127408,"href":"https:\/\/rna.ao\/rna.ao\/wp-json\/wp\/v2\/posts\/127403\/revisions\/127408"}],"wp:featuredmedia":[{"embeddable":true,"href":"https:\/\/rna.ao\/rna.ao\/wp-json\/wp\/v2\/media\/117181"}],"wp:attachment":[{"href":"https:\/\/rna.ao\/rna.ao\/wp-json\/wp\/v2\/media?parent=127403"}],"wp:term":[{"taxonomy":"category","embeddable":true,"href":"https:\/\/rna.ao\/rna.ao\/wp-json\/wp\/v2\/categories?post=127403"},{"taxonomy":"post_tag","embeddable":true,"href":"https:\/\/rna.ao\/rna.ao\/wp-json\/wp\/v2\/tags?post=127403"}],"curies":[{"name":"wp","href":"https:\/\/api.w.org\/{rel}","templated":true}]}}