{"id":127261,"date":"2023-12-29T06:12:12","date_gmt":"2023-12-29T05:12:12","guid":{"rendered":"https:\/\/rna.ao\/rna.ao\/?p=127261"},"modified":"2023-12-29T06:12:12","modified_gmt":"2023-12-29T05:12:12","slug":"1o-de-agosto-maximiza-factor-casa-e-supera-com-chapa-100-o-interclube-no-destaque-da-1a-jornada-da-segunda-volta-do-unitel-basket","status":"publish","type":"post","link":"https:\/\/rna.ao\/rna.ao\/2023\/12\/29\/1o-de-agosto-maximiza-factor-casa-e-supera-com-chapa-100-o-interclube-no-destaque-da-1a-jornada-da-segunda-volta-do-unitel-basket\/","title":{"rendered":"1\u00ba de Agosto maximiza factor casa e supera com chapa 100 o Interclube no destaque da 1\u00aa jornada da segunda volta do UNITEL Basket"},"content":{"rendered":"<p style=\"font-weight: 400;\"><img loading=\"lazy\" class=\"size-full wp-image-127264 aligncenter\" src=\"https:\/\/rna.ao\/rna.ao\/wp-content\/uploads\/2023\/12\/DAgosto-basket.jpg\" alt=\"\" width=\"720\" height=\"540\" \/>Jogou-se quinta-feira, 28\/12, a 1\u00aa jornada da segunda fase do UNITEL Basquete. Em rela\u00e7\u00e3o aos resultados dessa jornada, destacou-se o triunfo do 1\u00ba de Agosto com chapa 100 ao Interclube. 101\/88 foi o resultado com j\u00e1 favor\u00e1veis 53\/42 ao intervalo.<\/p>\n<p style=\"font-weight: 400;\">Lazar\u00ea Andingon\u00f4, t\u00e9cnico do clube militar, minimizou o triunfo preferindo real\u00e7ar o trabalho que tem sido desenvolvido com os novos jogadores do clube. Clique no \u00e1udio e ou\u00e7a:<\/p>\n\t<div class=\"qtmplayer-playlist-large\">\n\t\t<ul class=\"qtmplayer-playlist\">\n\t\t\t\n\t\t\t\t\t<li class=\"qtmplayer-trackitem\">\n\t\t<img src=\"https:\/\/rna.ao\/rna.ao\/wp-content\/uploads\/2023\/12\/DAgosto-basket-1-100x100.jpg\" alt=\"cover\">\t\t<span \t\t\tdata-qtmplayer-cover=\"https:\/\/rna.ao\/rna.ao\/wp-content\/uploads\/2023\/12\/DAgosto-basket-1.jpg\"\n\t\t\t\t\t\tdata-qtmplayer-file=\"https:\/\/rna.ao\/rna.ao\/wp-content\/uploads\/2023\/12\/P-J-12-LAZARE-ANDINGONO-29-12-23.mp3\"\n\t\t\t\t\t\tdata-qtmplayer-title=\"1\u00ba de Agosto maximiza factor casa e supera com chapa 100 o Interclube no destaque da 1\u00aa jornada da segunda volta do UNITEL Basket\"\n\t\t\t\t\t\tdata-qtmplayer-artist=\"RNA\"\n\t\t\t\t\t\tdata-qtmplayer-link=\"https:\/\/rna.ao\/rna.ao\/2023\/12\/29\/1o-de-agosto-maximiza-factor-casa-e-supera-com-chapa-100-o-interclube-no-destaque-da-1a-jornada-da-segunda-volta-do-unitel-basket\/\"\n\t\t\t\t\t\tdata-qtmplayer-icon=\"file_download\"\n\t\t\t\t\t\tdata-qtmplayer-type=\"track\"\n\t\t\t class=\"qtmplayer-play qtmplayer-link-sec qtmplayer-play-btn\"><i class='material-icons'>play_arrow<\/i><\/span>\n\t\t<p>\n\t\t\t<span class=\"qtmplayer-tit\">1\u00ba de Agosto maximiza factor casa e supera com chapa 100 o Interclube no destaque da 1\u00aa jornada da segunda volta do UNITEL Basket<\/span>\n\t\t\t<span class=\"qtmplayer-art\">RNA<\/span>\n\t\t<\/p>\n\t<\/li>\n\t\t<\/ul>\n\t<\/div>\t\t\t\n\t\n<p style=\"font-weight: 400;\">H\u00e9lder Domingos \u201cZ\u00e9 Gui\u00e3o\u201d, o adjunto de Apolin\u00e1rio Paquete, preocupado com o sector defensivo deixou claro que v\u00e3o trabalhar para corrigir. Clique no \u00e1udio e ou\u00e7a:<\/p>\n\t<div class=\"qtmplayer-playlist-large\">\n\t\t<ul class=\"qtmplayer-playlist\">\n\t\t\t\n\t\t\t\t\t<li class=\"qtmplayer-trackitem\">\n\t\t<img src=\"https:\/\/rna.ao\/rna.ao\/wp-content\/uploads\/2023\/12\/DAgosto-basket-1-100x100.jpg\" alt=\"cover\">\t\t<span \t\t\tdata-qtmplayer-cover=\"https:\/\/rna.ao\/rna.ao\/wp-content\/uploads\/2023\/12\/DAgosto-basket-1.jpg\"\n\t\t\t\t\t\tdata-qtmplayer-file=\"https:\/\/rna.ao\/rna.ao\/wp-content\/uploads\/2023\/12\/P-J-13-HELDER-DOMINGOS-29-12-23.mp3\"\n\t\t\t\t\t\tdata-qtmplayer-title=\"1\u00ba de Agosto maximiza factor casa e supera com chapa 100 o Interclube no destaque da 1\u00aa jornada da segunda volta do UNITEL Basket\"\n\t\t\t\t\t\tdata-qtmplayer-artist=\"RNA\"\n\t\t\t\t\t\tdata-qtmplayer-link=\"https:\/\/rna.ao\/rna.ao\/2023\/12\/29\/1o-de-agosto-maximiza-factor-casa-e-supera-com-chapa-100-o-interclube-no-destaque-da-1a-jornada-da-segunda-volta-do-unitel-basket\/\"\n\t\t\t\t\t\tdata-qtmplayer-icon=\"file_download\"\n\t\t\t\t\t\tdata-qtmplayer-type=\"track\"\n\t\t\t class=\"qtmplayer-play qtmplayer-link-sec qtmplayer-play-btn\"><i class='material-icons'>play_arrow<\/i><\/span>\n\t\t<p>\n\t\t\t<span class=\"qtmplayer-tit\">1\u00ba de Agosto maximiza factor casa e supera com chapa 100 o Interclube no destaque da 1\u00aa jornada da segunda volta do UNITEL Basket<\/span>\n\t\t\t<span class=\"qtmplayer-art\">RNA<\/span>\n\t\t<\/p>\n\t<\/li>\n\t\t<\/ul>\n\t<\/div>\t\t\t\n\t\n<p style=\"font-weight: 400;\">Os jogadores Elcane Paca do 1\u00ba de Agosto e Paulo Barros do Interclube, com 20 pontos cada, acabaram por ser considerados MVP da partida.<\/p>\n<p style=\"font-weight: 400;\">A mesma jornada teve ainda os resultados;<\/p>\n<p style=\"font-weight: 400;\">Petro de Luanda 119\/74 ASA<\/p>\n<p style=\"font-weight: 400;\">Inter B 61\/51 Akira Academy<\/p>\n<p style=\"font-weight: 400;\">Clube de Forma\u00e7\u00e3o Kwanza 88\/97 Jesus Cristo Basketball<\/p>\n<p style=\"font-weight: 400;\">Casa Pessoal do Porto de Lobito 89\/73 Petro B.<\/p>\n<p style=\"font-weight: 400;\">Na classifica\u00e7\u00e3o, o Petro de Luanda passa a somar 23 pontos, vindo a seguir o Vila Clotilde com 21, os mesmos que tem o Interclube, estando em 4\u00ba a Casa do Pessoal do Porto do Lobito ainda com 21.<\/p>\n<p>Fonte: R\u00e1dio 5\/RNA<\/p>\n","protected":false},"excerpt":{"rendered":"<p>Jogou-se quinta-feira, 28\/12, a 1\u00aa jornada da segunda fase do UNITEL Basquete. Em rela\u00e7\u00e3o aos resultados dessa jornada, destacou-se o triunfo do 1\u00ba de Agosto com chapa 100 ao Interclube. 101\/88 foi o resultado com j\u00e1 favor\u00e1veis 53\/42 ao intervalo. Lazar\u00ea Andingon\u00f4, t\u00e9cnico do clube militar, minimizou o triunfo preferindo ...<\/p>\n","protected":false},"author":8,"featured_media":127265,"comment_status":"closed","ping_status":"closed","sticky":false,"template":"","format":"standard","meta":[],"categories":[145,125,164],"tags":[],"_links":{"self":[{"href":"https:\/\/rna.ao\/rna.ao\/wp-json\/wp\/v2\/posts\/127261"}],"collection":[{"href":"https:\/\/rna.ao\/rna.ao\/wp-json\/wp\/v2\/posts"}],"about":[{"href":"https:\/\/rna.ao\/rna.ao\/wp-json\/wp\/v2\/types\/post"}],"author":[{"embeddable":true,"href":"https:\/\/rna.ao\/rna.ao\/wp-json\/wp\/v2\/users\/8"}],"replies":[{"embeddable":true,"href":"https:\/\/rna.ao\/rna.ao\/wp-json\/wp\/v2\/comments?post=127261"}],"version-history":[{"count":1,"href":"https:\/\/rna.ao\/rna.ao\/wp-json\/wp\/v2\/posts\/127261\/revisions"}],"predecessor-version":[{"id":127266,"href":"https:\/\/rna.ao\/rna.ao\/wp-json\/wp\/v2\/posts\/127261\/revisions\/127266"}],"wp:featuredmedia":[{"embeddable":true,"href":"https:\/\/rna.ao\/rna.ao\/wp-json\/wp\/v2\/media\/127265"}],"wp:attachment":[{"href":"https:\/\/rna.ao\/rna.ao\/wp-json\/wp\/v2\/media?parent=127261"}],"wp:term":[{"taxonomy":"category","embeddable":true,"href":"https:\/\/rna.ao\/rna.ao\/wp-json\/wp\/v2\/categories?post=127261"},{"taxonomy":"post_tag","embeddable":true,"href":"https:\/\/rna.ao\/rna.ao\/wp-json\/wp\/v2\/tags?post=127261"}],"curies":[{"name":"wp","href":"https:\/\/api.w.org\/{rel}","templated":true}]}}