{"id":127253,"date":"2023-12-29T06:00:38","date_gmt":"2023-12-29T05:00:38","guid":{"rendered":"https:\/\/rna.ao\/rna.ao\/?p=127253"},"modified":"2023-12-29T06:00:38","modified_gmt":"2023-12-29T05:00:38","slug":"teremos-um-wiliete-determinado-a-vencer-assegura-silvestre-pele-que-recebe-o-santa-rita","status":"publish","type":"post","link":"https:\/\/rna.ao\/rna.ao\/2023\/12\/29\/teremos-um-wiliete-determinado-a-vencer-assegura-silvestre-pele-que-recebe-o-santa-rita\/","title":{"rendered":"&#8220;Teremos um Wiliete determinado a vencer&#8221; &#8211; assegura Silvestre Pel\u00e9 que recebe o Santa Rita"},"content":{"rendered":"<p style=\"font-weight: 400;\"><img loading=\"lazy\" class=\" wp-image-122594 aligncenter\" src=\"https:\/\/rna.ao\/rna.ao\/wp-content\/uploads\/2023\/11\/Jose-Silvestre-Pele.jpg\" alt=\"\" width=\"775\" height=\"703\" \/>O Williete de Benguela recebe hoje, 29 de dezembro, \u00e0s 16 horas, no est\u00e1dio nacional de Ombaka, o Santa Rita de C\u00e1ssia do U\u00edge, em partida a contar para a ronda n\u00famero dez da maior prova de futebol do pa\u00eds. Silvestre Pel\u00e9, respons\u00e1vel t\u00e9cnico da equipa de Benguela, s\u00f3 pensa na conquista dos tr\u00eas pontos. Clique no \u00e1udio e ou\u00e7a:<\/p>\n\t<div class=\"qtmplayer-playlist-large\">\n\t\t<ul class=\"qtmplayer-playlist\">\n\t\t\t\n\t\t\t\t\t<li class=\"qtmplayer-trackitem\">\n\t\t<img src=\"https:\/\/rna.ao\/rna.ao\/wp-content\/uploads\/2023\/11\/Jose-Silvestre-Pele-1-100x100.jpg\" alt=\"cover\">\t\t<span \t\t\tdata-qtmplayer-cover=\"https:\/\/rna.ao\/rna.ao\/wp-content\/uploads\/2023\/11\/Jose-Silvestre-Pele-1.jpg\"\n\t\t\t\t\t\tdata-qtmplayer-file=\"https:\/\/rna.ao\/rna.ao\/wp-content\/uploads\/2023\/12\/P-J-6-JOSE-S-PELE-29-12-23.mp3\"\n\t\t\t\t\t\tdata-qtmplayer-title=\"&#8220;Teremos um Wiliete determinado a vencer&#8221; &#8211; assegura Silvestre Pel\u00e9 que recebe o Santa Rita\"\n\t\t\t\t\t\tdata-qtmplayer-artist=\"RNA\"\n\t\t\t\t\t\tdata-qtmplayer-link=\"https:\/\/rna.ao\/rna.ao\/2023\/12\/29\/teremos-um-wiliete-determinado-a-vencer-assegura-silvestre-pele-que-recebe-o-santa-rita\/\"\n\t\t\t\t\t\tdata-qtmplayer-icon=\"file_download\"\n\t\t\t\t\t\tdata-qtmplayer-type=\"track\"\n\t\t\t class=\"qtmplayer-play qtmplayer-link-sec qtmplayer-play-btn\"><i class='material-icons'>play_arrow<\/i><\/span>\n\t\t<p>\n\t\t\t<span class=\"qtmplayer-tit\">&#8220;Teremos um Wiliete determinado a vencer&#8221; &#8211; assegura Silvestre Pel\u00e9 que recebe o Santa Rita<\/span>\n\t\t\t<span class=\"qtmplayer-art\">RNA<\/span>\n\t\t<\/p>\n\t<\/li>\n\t\t<\/ul>\n\t<\/div>\t\t\t\n\t\n<p style=\"font-weight: 400;\">Fonte: R\u00e1dio 5\/RNA<\/p>\n","protected":false},"excerpt":{"rendered":"<p>O Williete de Benguela recebe hoje, 29 de dezembro, \u00e0s 16 horas, no est\u00e1dio nacional de Ombaka, o Santa Rita de C\u00e1ssia do U\u00edge, em partida a contar para a ronda n\u00famero dez da maior prova de futebol do pa\u00eds. Silvestre Pel\u00e9, respons\u00e1vel t\u00e9cnico da equipa de Benguela, s\u00f3 pensa ...<\/p>\n","protected":false},"author":8,"featured_media":122595,"comment_status":"closed","ping_status":"closed","sticky":false,"template":"","format":"standard","meta":[],"categories":[145,125,164],"tags":[],"_links":{"self":[{"href":"https:\/\/rna.ao\/rna.ao\/wp-json\/wp\/v2\/posts\/127253"}],"collection":[{"href":"https:\/\/rna.ao\/rna.ao\/wp-json\/wp\/v2\/posts"}],"about":[{"href":"https:\/\/rna.ao\/rna.ao\/wp-json\/wp\/v2\/types\/post"}],"author":[{"embeddable":true,"href":"https:\/\/rna.ao\/rna.ao\/wp-json\/wp\/v2\/users\/8"}],"replies":[{"embeddable":true,"href":"https:\/\/rna.ao\/rna.ao\/wp-json\/wp\/v2\/comments?post=127253"}],"version-history":[{"count":1,"href":"https:\/\/rna.ao\/rna.ao\/wp-json\/wp\/v2\/posts\/127253\/revisions"}],"predecessor-version":[{"id":127256,"href":"https:\/\/rna.ao\/rna.ao\/wp-json\/wp\/v2\/posts\/127253\/revisions\/127256"}],"wp:featuredmedia":[{"embeddable":true,"href":"https:\/\/rna.ao\/rna.ao\/wp-json\/wp\/v2\/media\/122595"}],"wp:attachment":[{"href":"https:\/\/rna.ao\/rna.ao\/wp-json\/wp\/v2\/media?parent=127253"}],"wp:term":[{"taxonomy":"category","embeddable":true,"href":"https:\/\/rna.ao\/rna.ao\/wp-json\/wp\/v2\/categories?post=127253"},{"taxonomy":"post_tag","embeddable":true,"href":"https:\/\/rna.ao\/rna.ao\/wp-json\/wp\/v2\/tags?post=127253"}],"curies":[{"name":"wp","href":"https:\/\/api.w.org\/{rel}","templated":true}]}}