{"id":127247,"date":"2023-12-29T05:56:04","date_gmt":"2023-12-29T04:56:04","guid":{"rendered":"https:\/\/rna.ao\/rna.ao\/?p=127247"},"modified":"2023-12-29T05:56:04","modified_gmt":"2023-12-29T04:56:04","slug":"libolo-recebe-academica-em-calulo-na-corrida-a-primeira-vitoria-no-girabola","status":"publish","type":"post","link":"https:\/\/rna.ao\/rna.ao\/2023\/12\/29\/libolo-recebe-academica-em-calulo-na-corrida-a-primeira-vitoria-no-girabola\/","title":{"rendered":"Libolo recebe Acad\u00e9mica em Calulo na corrida a primeira vit\u00f3ria no Girabola"},"content":{"rendered":"<p style=\"font-weight: 400;\"><img loading=\"lazy\" class=\"size-full wp-image-120961 aligncenter\" src=\"https:\/\/rna.ao\/rna.ao\/wp-content\/uploads\/2023\/10\/Recreativo-do-Libolo.jpg\" alt=\"\" width=\"721\" height=\"425\" \/>O Recreativo do Libolo recebe hoje, 29 de dezembro, \u00e0s 15h30, no est\u00e1dio de Calulo, a Acad\u00e9mica do Lobito no seguimento da d\u00e9cima jornada do Girabola 2023\/2024.<\/p>\n<p style=\"font-weight: 400;\">A turma de Calulo quer terminar a fase dos maus resultados no campeonato, e o t\u00e9cnico Lu\u00eds Quintas promete apresentar uma equipa capaz de alcan\u00e7ar a sua primeira vit\u00f3ria no campeonato. Clique no \u00e1udio e ou\u00e7a:<\/p>\n\t<div class=\"qtmplayer-playlist-large\">\n\t\t<ul class=\"qtmplayer-playlist\">\n\t\t\t\n\t\t\t\t\t<li class=\"qtmplayer-trackitem\">\n\t\t<img src=\"https:\/\/rna.ao\/rna.ao\/wp-content\/uploads\/2023\/10\/Recreativo-do-Libolo-1-100x100.jpg\" alt=\"cover\">\t\t<span \t\t\tdata-qtmplayer-cover=\"https:\/\/rna.ao\/rna.ao\/wp-content\/uploads\/2023\/10\/Recreativo-do-Libolo-1.jpg\"\n\t\t\t\t\t\tdata-qtmplayer-file=\"https:\/\/rna.ao\/rna.ao\/wp-content\/uploads\/2023\/12\/P-J-4-LUIS-QUINTAS-29-12-23.mp3\"\n\t\t\t\t\t\tdata-qtmplayer-title=\"Libolo recebe Acad\u00e9mica em Calulo na corrida a primeira vit\u00f3ria no Girabola\"\n\t\t\t\t\t\tdata-qtmplayer-artist=\"RNA\"\n\t\t\t\t\t\tdata-qtmplayer-link=\"https:\/\/rna.ao\/rna.ao\/2023\/12\/29\/libolo-recebe-academica-em-calulo-na-corrida-a-primeira-vitoria-no-girabola\/\"\n\t\t\t\t\t\tdata-qtmplayer-icon=\"file_download\"\n\t\t\t\t\t\tdata-qtmplayer-type=\"track\"\n\t\t\t class=\"qtmplayer-play qtmplayer-link-sec qtmplayer-play-btn\"><i class='material-icons'>play_arrow<\/i><\/span>\n\t\t<p>\n\t\t\t<span class=\"qtmplayer-tit\">Libolo recebe Acad\u00e9mica em Calulo na corrida a primeira vit\u00f3ria no Girabola<\/span>\n\t\t\t<span class=\"qtmplayer-art\">RNA<\/span>\n\t\t<\/p>\n\t<\/li>\n\t\t<\/ul>\n\t<\/div>\t\t\t\n\t\n<p style=\"font-weight: 400;\">Por sua vez, Jo\u00e3o Pintar, t\u00e9cnico da Acad\u00e9mica do Lobito, acredita numa boa exibi\u00e7\u00e3o da sua rapaziada. Clique no \u00e1udio e ou\u00e7a:<\/p>\n\t<div class=\"qtmplayer-playlist-large\">\n\t\t<ul class=\"qtmplayer-playlist\">\n\t\t\t\n\t\t\t\t\t<li class=\"qtmplayer-trackitem\">\n\t\t<img src=\"https:\/\/rna.ao\/rna.ao\/wp-content\/uploads\/2023\/10\/Recreativo-do-Libolo-1-100x100.jpg\" alt=\"cover\">\t\t<span \t\t\tdata-qtmplayer-cover=\"https:\/\/rna.ao\/rna.ao\/wp-content\/uploads\/2023\/10\/Recreativo-do-Libolo-1.jpg\"\n\t\t\t\t\t\tdata-qtmplayer-file=\"https:\/\/rna.ao\/rna.ao\/wp-content\/uploads\/2023\/12\/P-J-5-JOAO-P-DA-SILVA-29-12-23.mp3\"\n\t\t\t\t\t\tdata-qtmplayer-title=\"Libolo recebe Acad\u00e9mica em Calulo na corrida a primeira vit\u00f3ria no Girabola\"\n\t\t\t\t\t\tdata-qtmplayer-artist=\"RNA\"\n\t\t\t\t\t\tdata-qtmplayer-link=\"https:\/\/rna.ao\/rna.ao\/2023\/12\/29\/libolo-recebe-academica-em-calulo-na-corrida-a-primeira-vitoria-no-girabola\/\"\n\t\t\t\t\t\tdata-qtmplayer-icon=\"file_download\"\n\t\t\t\t\t\tdata-qtmplayer-type=\"track\"\n\t\t\t class=\"qtmplayer-play qtmplayer-link-sec qtmplayer-play-btn\"><i class='material-icons'>play_arrow<\/i><\/span>\n\t\t<p>\n\t\t\t<span class=\"qtmplayer-tit\">Libolo recebe Acad\u00e9mica em Calulo na corrida a primeira vit\u00f3ria no Girabola<\/span>\n\t\t\t<span class=\"qtmplayer-art\">RNA<\/span>\n\t\t<\/p>\n\t<\/li>\n\t\t<\/ul>\n\t<\/div>\t\t\t\n\t\n<p style=\"font-weight: 400;\">Fonte: R\u00e1dio 5\/RNA<\/p>\n","protected":false},"excerpt":{"rendered":"<p>O Recreativo do Libolo recebe hoje, 29 de dezembro, \u00e0s 15h30, no est\u00e1dio de Calulo, a Acad\u00e9mica do Lobito no seguimento da d\u00e9cima jornada do Girabola 2023\/2024. A turma de Calulo quer terminar a fase dos maus resultados no campeonato, e o t\u00e9cnico Lu\u00eds Quintas promete apresentar uma equipa capaz ...<\/p>\n","protected":false},"author":8,"featured_media":120962,"comment_status":"closed","ping_status":"closed","sticky":false,"template":"","format":"standard","meta":[],"categories":[145,125,164],"tags":[],"_links":{"self":[{"href":"https:\/\/rna.ao\/rna.ao\/wp-json\/wp\/v2\/posts\/127247"}],"collection":[{"href":"https:\/\/rna.ao\/rna.ao\/wp-json\/wp\/v2\/posts"}],"about":[{"href":"https:\/\/rna.ao\/rna.ao\/wp-json\/wp\/v2\/types\/post"}],"author":[{"embeddable":true,"href":"https:\/\/rna.ao\/rna.ao\/wp-json\/wp\/v2\/users\/8"}],"replies":[{"embeddable":true,"href":"https:\/\/rna.ao\/rna.ao\/wp-json\/wp\/v2\/comments?post=127247"}],"version-history":[{"count":1,"href":"https:\/\/rna.ao\/rna.ao\/wp-json\/wp\/v2\/posts\/127247\/revisions"}],"predecessor-version":[{"id":127252,"href":"https:\/\/rna.ao\/rna.ao\/wp-json\/wp\/v2\/posts\/127247\/revisions\/127252"}],"wp:featuredmedia":[{"embeddable":true,"href":"https:\/\/rna.ao\/rna.ao\/wp-json\/wp\/v2\/media\/120962"}],"wp:attachment":[{"href":"https:\/\/rna.ao\/rna.ao\/wp-json\/wp\/v2\/media?parent=127247"}],"wp:term":[{"taxonomy":"category","embeddable":true,"href":"https:\/\/rna.ao\/rna.ao\/wp-json\/wp\/v2\/categories?post=127247"},{"taxonomy":"post_tag","embeddable":true,"href":"https:\/\/rna.ao\/rna.ao\/wp-json\/wp\/v2\/tags?post=127247"}],"curies":[{"name":"wp","href":"https:\/\/api.w.org\/{rel}","templated":true}]}}