{"id":127202,"date":"2023-12-28T12:04:30","date_gmt":"2023-12-28T11:04:30","guid":{"rendered":"https:\/\/rna.ao\/rna.ao\/?p=127202"},"modified":"2023-12-28T12:04:30","modified_gmt":"2023-12-28T11:04:30","slug":"organizadores-de-eventos-chamados-a-legalizarem-seus-eventos-de-fim-de-ano","status":"publish","type":"post","link":"https:\/\/rna.ao\/rna.ao\/2023\/12\/28\/organizadores-de-eventos-chamados-a-legalizarem-seus-eventos-de-fim-de-ano\/","title":{"rendered":"Organizadores de eventos chamados a legalizarem seus eventos de fim de ano"},"content":{"rendered":"<p><img loading=\"lazy\" class=\"size-full wp-image-127205 alignleft\" src=\"https:\/\/rna.ao\/rna.ao\/wp-content\/uploads\/2023\/12\/images-6.jpg\" alt=\"\" width=\"275\" height=\"183\" \/>A tr\u00eas dias do fim do ano, alguns organizadores de eventos, preparam a festa de fim de ano ou de r\u00e9veillon. Para o \u00eaxito destas festas, os organizadores s\u00e3o chamados a legalizar, por forma a evitar uma ac\u00e7\u00e3o disciplinar das autoridades administrativas. No Distrito Urbano do Zango, o seu respons\u00e1vel de Cultura, Emanuel Sim\u00f5es, diz ter equipas prontas para Atender todos os organizadores de eventos. Clique no \u00e1udio e ou\u00e7a:<\/p>\n\t<div class=\"qtmplayer-playlist-large\">\n\t\t<ul class=\"qtmplayer-playlist\">\n\t\t\t\n\t\t\t\t\t<li class=\"qtmplayer-trackitem\">\n\t\t<img src=\"https:\/\/rna.ao\/rna.ao\/wp-content\/uploads\/2023\/12\/images-6-100x100.jpg\" alt=\"cover\">\t\t<span \t\t\tdata-qtmplayer-cover=\"https:\/\/rna.ao\/rna.ao\/wp-content\/uploads\/2023\/12\/images-6.jpg\"\n\t\t\t\t\t\tdata-qtmplayer-file=\"https:\/\/rna.ao\/rna.ao\/wp-content\/uploads\/2023\/12\/EMANUEL-SIMOES-FESTAS.mp3\"\n\t\t\t\t\t\tdata-qtmplayer-title=\"Organizadores de eventos chamados a legalizarem seus eventos de fim de ano\"\n\t\t\t\t\t\tdata-qtmplayer-artist=\"RNA\"\n\t\t\t\t\t\tdata-qtmplayer-link=\"https:\/\/rna.ao\/rna.ao\/2023\/12\/28\/organizadores-de-eventos-chamados-a-legalizarem-seus-eventos-de-fim-de-ano\/\"\n\t\t\t\t\t\tdata-qtmplayer-icon=\"file_download\"\n\t\t\t\t\t\tdata-qtmplayer-type=\"track\"\n\t\t\t class=\"qtmplayer-play qtmplayer-link-sec qtmplayer-play-btn\"><i class='material-icons'>play_arrow<\/i><\/span>\n\t\t<p>\n\t\t\t<span class=\"qtmplayer-tit\">Organizadores de eventos chamados a legalizarem seus eventos de fim de ano<\/span>\n\t\t\t<span class=\"qtmplayer-art\">RNA<\/span>\n\t\t<\/p>\n\t<\/li>\n\t\t<\/ul>\n\t<\/div>\t\t\t\n\t\n<p>E o organizador de festas Adriano Costa, apela as autoridades a maior divulga\u00e7\u00e3o da import\u00e2ncia da legaliza\u00e7\u00e3o destes eventos. Clique no \u00e1udio e ou\u00e7a:<\/p>\n\t<div class=\"qtmplayer-playlist-large\">\n\t\t<ul class=\"qtmplayer-playlist\">\n\t\t\t\n\t\t\t\t\t<li class=\"qtmplayer-trackitem\">\n\t\t<img src=\"https:\/\/rna.ao\/rna.ao\/wp-content\/uploads\/2023\/12\/images-6-100x100.jpg\" alt=\"cover\">\t\t<span \t\t\tdata-qtmplayer-cover=\"https:\/\/rna.ao\/rna.ao\/wp-content\/uploads\/2023\/12\/images-6.jpg\"\n\t\t\t\t\t\tdata-qtmplayer-file=\"https:\/\/rna.ao\/rna.ao\/wp-content\/uploads\/2023\/12\/ADRIANO-DA-COSTA-FESTAS.mp3\"\n\t\t\t\t\t\tdata-qtmplayer-title=\"Organizadores de eventos chamados a legalizarem seus eventos de fim de ano\"\n\t\t\t\t\t\tdata-qtmplayer-artist=\"RNA\"\n\t\t\t\t\t\tdata-qtmplayer-link=\"https:\/\/rna.ao\/rna.ao\/2023\/12\/28\/organizadores-de-eventos-chamados-a-legalizarem-seus-eventos-de-fim-de-ano\/\"\n\t\t\t\t\t\tdata-qtmplayer-icon=\"file_download\"\n\t\t\t\t\t\tdata-qtmplayer-type=\"track\"\n\t\t\t class=\"qtmplayer-play qtmplayer-link-sec qtmplayer-play-btn\"><i class='material-icons'>play_arrow<\/i><\/span>\n\t\t<p>\n\t\t\t<span class=\"qtmplayer-tit\">Organizadores de eventos chamados a legalizarem seus eventos de fim de ano<\/span>\n\t\t\t<span class=\"qtmplayer-art\">RNA<\/span>\n\t\t<\/p>\n\t<\/li>\n\t\t<\/ul>\n\t<\/div>\t\t\t\n\t\n","protected":false},"excerpt":{"rendered":"<p>A tr\u00eas dias do fim do ano, alguns organizadores de eventos, preparam a festa de fim de ano ou de r\u00e9veillon. Para o \u00eaxito destas festas, os organizadores s\u00e3o chamados a legalizar, por forma a evitar uma ac\u00e7\u00e3o disciplinar das autoridades administrativas. No Distrito Urbano do Zango, o seu respons\u00e1vel ...<\/p>\n","protected":false},"author":8,"featured_media":127205,"comment_status":"closed","ping_status":"closed","sticky":false,"template":"","format":"standard","meta":[],"categories":[141,133],"tags":[],"_links":{"self":[{"href":"https:\/\/rna.ao\/rna.ao\/wp-json\/wp\/v2\/posts\/127202"}],"collection":[{"href":"https:\/\/rna.ao\/rna.ao\/wp-json\/wp\/v2\/posts"}],"about":[{"href":"https:\/\/rna.ao\/rna.ao\/wp-json\/wp\/v2\/types\/post"}],"author":[{"embeddable":true,"href":"https:\/\/rna.ao\/rna.ao\/wp-json\/wp\/v2\/users\/8"}],"replies":[{"embeddable":true,"href":"https:\/\/rna.ao\/rna.ao\/wp-json\/wp\/v2\/comments?post=127202"}],"version-history":[{"count":1,"href":"https:\/\/rna.ao\/rna.ao\/wp-json\/wp\/v2\/posts\/127202\/revisions"}],"predecessor-version":[{"id":127206,"href":"https:\/\/rna.ao\/rna.ao\/wp-json\/wp\/v2\/posts\/127202\/revisions\/127206"}],"wp:featuredmedia":[{"embeddable":true,"href":"https:\/\/rna.ao\/rna.ao\/wp-json\/wp\/v2\/media\/127205"}],"wp:attachment":[{"href":"https:\/\/rna.ao\/rna.ao\/wp-json\/wp\/v2\/media?parent=127202"}],"wp:term":[{"taxonomy":"category","embeddable":true,"href":"https:\/\/rna.ao\/rna.ao\/wp-json\/wp\/v2\/categories?post=127202"},{"taxonomy":"post_tag","embeddable":true,"href":"https:\/\/rna.ao\/rna.ao\/wp-json\/wp\/v2\/tags?post=127202"}],"curies":[{"name":"wp","href":"https:\/\/api.w.org\/{rel}","templated":true}]}}