{"id":12671,"date":"2020-12-07T07:10:16","date_gmt":"2020-12-07T06:10:16","guid":{"rendered":"https:\/\/rna.ao\/rna.ao\/?p=12671"},"modified":"2020-12-07T07:10:16","modified_gmt":"2020-12-07T06:10:16","slug":"nao-estivemos-bem-e-nao-gostei-da-exibicao-zeca-amaral","status":"publish","type":"post","link":"https:\/\/rna.ao\/rna.ao\/2020\/12\/07\/nao-estivemos-bem-e-nao-gostei-da-exibicao-zeca-amaral\/","title":{"rendered":"&#8220;N\u00e3o estivemos bem e n\u00e3o gostei da exibi\u00e7\u00e3o&#8221; &#8211; Zeca Amaral"},"content":{"rendered":"<p><img loading=\"lazy\" class=\"size-full wp-image-12672 alignleft\" src=\"https:\/\/rna.ao\/rna.ao\/wp-content\/uploads\/2020\/12\/Zeca-Amaral.jpg\" alt=\"\" width=\"275\" height=\"183\" \/>O treinador do Futebol Clube bravos do Maqui, Zeca Amaral, disse que a sua equipa valeu mais pela qualifica\u00e7\u00e3o a fase seguinte, mas pecou em demasia na exibi\u00e7\u00e3o durante o jogo contra o etuile do Congo Brazzaville.<\/p>\n<p>De acordo com Zeca Amaral, que falava domingo, 06\/12, em Luanda, no final da partida entre as duas equipas, que empataram a zero, a equipa n\u00e3o esteve na mesma din\u00e2mica com que jogou no Congo. Clique no \u00e1udio, em baixo, e ou\u00e7a:<\/p>\n\t<div class=\"qtmplayer-playlist-large\">\n\t\t<ul class=\"qtmplayer-playlist\">\n\t\t\t\n\t\t\t\t\t<li class=\"qtmplayer-trackitem\">\n\t\t<img src=\"https:\/\/rna.ao\/rna.ao\/wp-content\/uploads\/2020\/12\/Zeca-Amaral-100x100.jpg\" alt=\"cover\">\t\t<span \t\t\tdata-qtmplayer-cover=\"https:\/\/rna.ao\/rna.ao\/wp-content\/uploads\/2020\/12\/Zeca-Amaral.jpg\"\n\t\t\t\t\t\tdata-qtmplayer-file=\"https:\/\/rna.ao\/rna.ao\/wp-content\/uploads\/2020\/12\/ZECA-AMARAL-06-12-2020.mp3\"\n\t\t\t\t\t\tdata-qtmplayer-title=\"&#8220;N\u00e3o estivemos bem e n\u00e3o gostei da exibi\u00e7\u00e3o&#8221; &#8211; Zeca Amaral\"\n\t\t\t\t\t\tdata-qtmplayer-artist=\"RNA\"\n\t\t\t\t\t\tdata-qtmplayer-link=\"https:\/\/rna.ao\/rna.ao\/2020\/12\/07\/nao-estivemos-bem-e-nao-gostei-da-exibicao-zeca-amaral\/\"\n\t\t\t\t\t\tdata-qtmplayer-icon=\"file_download\"\n\t\t\t\t\t\tdata-qtmplayer-type=\"track\"\n\t\t\t class=\"qtmplayer-play qtmplayer-link-sec qtmplayer-play-btn\"><i class='material-icons'>play_arrow<\/i><\/span>\n\t\t<p>\n\t\t\t<span class=\"qtmplayer-tit\">&#8220;N\u00e3o estivemos bem e n\u00e3o gostei da exibi\u00e7\u00e3o&#8221; &#8211; Zeca Amaral<\/span>\n\t\t\t<span class=\"qtmplayer-art\">RNA<\/span>\n\t\t<\/p>\n\t<\/li>\n\t\t<\/ul>\n\t<\/div>\t\t\t\n\t\n<p>&nbsp;<\/p>\n<p>Fonte: R\u00e1dio 5\/RNA<\/p>\n","protected":false},"excerpt":{"rendered":"<p>O treinador do Futebol Clube bravos do Maqui, Zeca Amaral, disse que a sua equipa valeu mais pela qualifica\u00e7\u00e3o a fase seguinte, mas pecou em demasia na exibi\u00e7\u00e3o durante o jogo contra o etuile do Congo Brazzaville. De acordo com Zeca Amaral, que falava domingo, 06\/12, em Luanda, no final ...<\/p>\n","protected":false},"author":8,"featured_media":12672,"comment_status":"closed","ping_status":"closed","sticky":false,"template":"","format":"standard","meta":[],"categories":[145,125,164],"tags":[],"_links":{"self":[{"href":"https:\/\/rna.ao\/rna.ao\/wp-json\/wp\/v2\/posts\/12671"}],"collection":[{"href":"https:\/\/rna.ao\/rna.ao\/wp-json\/wp\/v2\/posts"}],"about":[{"href":"https:\/\/rna.ao\/rna.ao\/wp-json\/wp\/v2\/types\/post"}],"author":[{"embeddable":true,"href":"https:\/\/rna.ao\/rna.ao\/wp-json\/wp\/v2\/users\/8"}],"replies":[{"embeddable":true,"href":"https:\/\/rna.ao\/rna.ao\/wp-json\/wp\/v2\/comments?post=12671"}],"version-history":[{"count":1,"href":"https:\/\/rna.ao\/rna.ao\/wp-json\/wp\/v2\/posts\/12671\/revisions"}],"predecessor-version":[{"id":12674,"href":"https:\/\/rna.ao\/rna.ao\/wp-json\/wp\/v2\/posts\/12671\/revisions\/12674"}],"wp:featuredmedia":[{"embeddable":true,"href":"https:\/\/rna.ao\/rna.ao\/wp-json\/wp\/v2\/media\/12672"}],"wp:attachment":[{"href":"https:\/\/rna.ao\/rna.ao\/wp-json\/wp\/v2\/media?parent=12671"}],"wp:term":[{"taxonomy":"category","embeddable":true,"href":"https:\/\/rna.ao\/rna.ao\/wp-json\/wp\/v2\/categories?post=12671"},{"taxonomy":"post_tag","embeddable":true,"href":"https:\/\/rna.ao\/rna.ao\/wp-json\/wp\/v2\/tags?post=12671"}],"curies":[{"name":"wp","href":"https:\/\/api.w.org\/{rel}","templated":true}]}}