{"id":12666,"date":"2020-12-07T06:55:49","date_gmt":"2020-12-07T05:55:49","guid":{"rendered":"https:\/\/rna.ao\/rna.ao\/?p=12666"},"modified":"2020-12-07T10:27:58","modified_gmt":"2020-12-07T09:27:58","slug":"afrotacas-maqui-empata-com-etuile-e-avanca-a-segunda-eliminatoria","status":"publish","type":"post","link":"https:\/\/rna.ao\/rna.ao\/2020\/12\/07\/afrotacas-maqui-empata-com-etuile-e-avanca-a-segunda-eliminatoria\/","title":{"rendered":"Afrota\u00e7as: Maqui empata com Etuile e avan\u00e7a \u00e0 segunda eliminat\u00f3ria"},"content":{"rendered":"<p><img loading=\"lazy\" class=\"size-full wp-image-12668 alignleft\" src=\"https:\/\/rna.ao\/rna.ao\/wp-content\/uploads\/2020\/12\/Bravos-do-Maqui-4.jpg\" alt=\"\" width=\"300\" height=\"213\" \/>O Futebol Clube Bravos do Maqui empatou a zero, com os congoleses do Etuile, e avan\u00e7a para a segunda eliminat\u00f3ria, rumo a fase de grupos da Ta\u00e7a da Confedera\u00e7\u00e3o Africana de Futebol (CAF).<\/p>\n<p>A turma de Zeca Amaral experimentou in\u00fameras dificuldades no domingo, 06\/12, com grande sofrimento, para gerir o empate a um golo, conseguido na cidade de Brazzaville.<\/p>\n<p>Nesta cartada decisiva, para manter intactas as aspira\u00e7\u00f5es na prova, o comentarista Sh\u00e9u Cah\u00e1lo, que acompanhou o jogo, a partir do Est\u00e1dio dos Coqueiros, viu uma turma maquizarde que teve que puxar dos gal\u00f5es, \u00e0 for\u00e7a, para n\u00e3o ver fugir o apuramento. Clique no \u00e1udio, em baixo, e ou\u00e7a os coment\u00e1rios de Sh\u00e9u Cah\u00e1lo:<\/p>\n\t<div class=\"qtmplayer-playlist-large\">\n\t\t<ul class=\"qtmplayer-playlist\">\n\t\t\t\n\t\t\t\t\t<li class=\"qtmplayer-trackitem\">\n\t\t<img src=\"https:\/\/rna.ao\/rna.ao\/wp-content\/uploads\/2020\/12\/Bravos-do-Maqui-4-100x100.jpg\" alt=\"cover\">\t\t<span \t\t\tdata-qtmplayer-cover=\"https:\/\/rna.ao\/rna.ao\/wp-content\/uploads\/2020\/12\/Bravos-do-Maqui-4.jpg\"\n\t\t\t\t\t\tdata-qtmplayer-file=\"https:\/\/rna.ao\/rna.ao\/wp-content\/uploads\/2020\/12\/SHEU-CAHALO-06-12-2020.mp3\"\n\t\t\t\t\t\tdata-qtmplayer-title=\"Afrota\u00e7as: Maqui empata com Etuile e avan\u00e7a \u00e0 segunda eliminat\u00f3ria\"\n\t\t\t\t\t\tdata-qtmplayer-artist=\"RNA\"\n\t\t\t\t\t\tdata-qtmplayer-link=\"https:\/\/rna.ao\/rna.ao\/2020\/12\/07\/afrotacas-maqui-empata-com-etuile-e-avanca-a-segunda-eliminatoria\/\"\n\t\t\t\t\t\tdata-qtmplayer-icon=\"file_download\"\n\t\t\t\t\t\tdata-qtmplayer-type=\"track\"\n\t\t\t class=\"qtmplayer-play qtmplayer-link-sec qtmplayer-play-btn\"><i class='material-icons'>play_arrow<\/i><\/span>\n\t\t<p>\n\t\t\t<span class=\"qtmplayer-tit\">Afrota\u00e7as: Maqui empata com Etuile e avan\u00e7a \u00e0 segunda eliminat\u00f3ria<\/span>\n\t\t\t<span class=\"qtmplayer-art\">RNA<\/span>\n\t\t<\/p>\n\t<\/li>\n\t\t<\/ul>\n\t<\/div>\t\t\t\n\t\n<p>Fonte: R\u00e1dio 6\/RNA<\/p>\n","protected":false},"excerpt":{"rendered":"<p>O Futebol Clube Bravos do Maqui empatou a zero, com os congoleses do Etuile, e avan\u00e7a para a segunda eliminat\u00f3ria, rumo a fase de grupos da Ta\u00e7a da Confedera\u00e7\u00e3o Africana de Futebol (CAF). A turma de Zeca Amaral experimentou in\u00fameras dificuldades no domingo, 06\/12, com grande sofrimento, para gerir o ...<\/p>\n","protected":false},"author":8,"featured_media":12668,"comment_status":"closed","ping_status":"closed","sticky":false,"template":"","format":"standard","meta":[],"categories":[145,125,164,163],"tags":[],"_links":{"self":[{"href":"https:\/\/rna.ao\/rna.ao\/wp-json\/wp\/v2\/posts\/12666"}],"collection":[{"href":"https:\/\/rna.ao\/rna.ao\/wp-json\/wp\/v2\/posts"}],"about":[{"href":"https:\/\/rna.ao\/rna.ao\/wp-json\/wp\/v2\/types\/post"}],"author":[{"embeddable":true,"href":"https:\/\/rna.ao\/rna.ao\/wp-json\/wp\/v2\/users\/8"}],"replies":[{"embeddable":true,"href":"https:\/\/rna.ao\/rna.ao\/wp-json\/wp\/v2\/comments?post=12666"}],"version-history":[{"count":2,"href":"https:\/\/rna.ao\/rna.ao\/wp-json\/wp\/v2\/posts\/12666\/revisions"}],"predecessor-version":[{"id":12711,"href":"https:\/\/rna.ao\/rna.ao\/wp-json\/wp\/v2\/posts\/12666\/revisions\/12711"}],"wp:featuredmedia":[{"embeddable":true,"href":"https:\/\/rna.ao\/rna.ao\/wp-json\/wp\/v2\/media\/12668"}],"wp:attachment":[{"href":"https:\/\/rna.ao\/rna.ao\/wp-json\/wp\/v2\/media?parent=12666"}],"wp:term":[{"taxonomy":"category","embeddable":true,"href":"https:\/\/rna.ao\/rna.ao\/wp-json\/wp\/v2\/categories?post=12666"},{"taxonomy":"post_tag","embeddable":true,"href":"https:\/\/rna.ao\/rna.ao\/wp-json\/wp\/v2\/tags?post=12666"}],"curies":[{"name":"wp","href":"https:\/\/api.w.org\/{rel}","templated":true}]}}