{"id":12662,"date":"2020-12-07T06:36:26","date_gmt":"2020-12-07T05:36:26","guid":{"rendered":"https:\/\/rna.ao\/rna.ao\/?p=12662"},"modified":"2020-12-07T06:36:26","modified_gmt":"2020-12-07T05:36:26","slug":"angola-continua-a-defender-o-dialogo-para-acabar-conflitos-em-africa","status":"publish","type":"post","link":"https:\/\/rna.ao\/rna.ao\/2020\/12\/07\/angola-continua-a-defender-o-dialogo-para-acabar-conflitos-em-africa\/","title":{"rendered":"Angola continua a defender o di\u00e1logo para acabar conflitos em \u00c1frica"},"content":{"rendered":"<p><img loading=\"lazy\" class=\"wp-image-9503 alignleft\" src=\"https:\/\/rna.ao\/rna.ao\/wp-content\/uploads\/2020\/10\/Tete-Antonio.jpg\" alt=\"\" width=\"306\" height=\"216\" \/>A Rep\u00fablica de Angola vai continuara a defender o di\u00e1logo, para se acabar com o conflito em \u00c1frica.<\/p>\n<p>Esta afirma\u00e7\u00e3o foi feita pelo Ministro das Rela\u00e7\u00f5es Exteriores, Tete Ant\u00f3nio, na 14\u00aa Cimeira Extraordin\u00e1ria de Chefes de Estado e de Governo da Uni\u00e3o Africana, que decorre na \u00c1frica do Sul, em videoconfer\u00eancia.<\/p>\n<p>Tete Ant\u00f3nio afirma, tamb\u00e9m, que o combate ao terrorismo deve ser uma das prioridades colectivas.<\/p>\n<p>O Ministro das Rela\u00e7\u00f5es Exteriores, que participa na Cimeira em representa\u00e7\u00e3o do Presidente da Rep\u00fablica, Jo\u00e3o Louren\u00e7o, sublinha a necessidade de troca de experi\u00eancias e informa\u00e7\u00f5es, entre os Estados, em prol da unidade em \u00c1frica. Clique no \u00e1udio, em baixo, e ou\u00e7a:<\/p>\n\t<div class=\"qtmplayer-playlist-large\">\n\t\t<ul class=\"qtmplayer-playlist\">\n\t\t\t\n\t\t\t\t\t<li class=\"qtmplayer-trackitem\">\n\t\t<img src=\"https:\/\/rna.ao\/rna.ao\/wp-content\/uploads\/2020\/10\/Tete-Antonio-100x100.jpg\" alt=\"cover\">\t\t<span \t\t\tdata-qtmplayer-cover=\"https:\/\/rna.ao\/rna.ao\/wp-content\/uploads\/2020\/10\/Tete-Antonio.jpg\"\n\t\t\t\t\t\tdata-qtmplayer-file=\"https:\/\/rna.ao\/rna.ao\/wp-content\/uploads\/2020\/12\/TETE-ANTONIO.mp3\"\n\t\t\t\t\t\tdata-qtmplayer-title=\"Angola continua a defender o di\u00e1logo para acabar conflitos em \u00c1frica\"\n\t\t\t\t\t\tdata-qtmplayer-artist=\"RNA\"\n\t\t\t\t\t\tdata-qtmplayer-link=\"https:\/\/rna.ao\/rna.ao\/2020\/12\/07\/angola-continua-a-defender-o-dialogo-para-acabar-conflitos-em-africa\/\"\n\t\t\t\t\t\tdata-qtmplayer-icon=\"file_download\"\n\t\t\t\t\t\tdata-qtmplayer-type=\"track\"\n\t\t\t class=\"qtmplayer-play qtmplayer-link-sec qtmplayer-play-btn\"><i class='material-icons'>play_arrow<\/i><\/span>\n\t\t<p>\n\t\t\t<span class=\"qtmplayer-tit\">Angola continua a defender o di\u00e1logo para acabar conflitos em \u00c1frica<\/span>\n\t\t\t<span class=\"qtmplayer-art\">RNA<\/span>\n\t\t<\/p>\n\t<\/li>\n\t\t<\/ul>\n\t<\/div>\t\t\t\n\t\n<p>Fonte: RNA<\/p>\n","protected":false},"excerpt":{"rendered":"<p>A Rep\u00fablica de Angola vai continuara a defender o di\u00e1logo, para se acabar com o conflito em \u00c1frica. Esta afirma\u00e7\u00e3o foi feita pelo Ministro das Rela\u00e7\u00f5es Exteriores, Tete Ant\u00f3nio, na 14\u00aa Cimeira Extraordin\u00e1ria de Chefes de Estado e de Governo da Uni\u00e3o Africana, que decorre na \u00c1frica do Sul, em ...<\/p>\n","protected":false},"author":8,"featured_media":9503,"comment_status":"closed","ping_status":"closed","sticky":false,"template":"","format":"standard","meta":[],"categories":[142,121,163],"tags":[],"_links":{"self":[{"href":"https:\/\/rna.ao\/rna.ao\/wp-json\/wp\/v2\/posts\/12662"}],"collection":[{"href":"https:\/\/rna.ao\/rna.ao\/wp-json\/wp\/v2\/posts"}],"about":[{"href":"https:\/\/rna.ao\/rna.ao\/wp-json\/wp\/v2\/types\/post"}],"author":[{"embeddable":true,"href":"https:\/\/rna.ao\/rna.ao\/wp-json\/wp\/v2\/users\/8"}],"replies":[{"embeddable":true,"href":"https:\/\/rna.ao\/rna.ao\/wp-json\/wp\/v2\/comments?post=12662"}],"version-history":[{"count":1,"href":"https:\/\/rna.ao\/rna.ao\/wp-json\/wp\/v2\/posts\/12662\/revisions"}],"predecessor-version":[{"id":12664,"href":"https:\/\/rna.ao\/rna.ao\/wp-json\/wp\/v2\/posts\/12662\/revisions\/12664"}],"wp:featuredmedia":[{"embeddable":true,"href":"https:\/\/rna.ao\/rna.ao\/wp-json\/wp\/v2\/media\/9503"}],"wp:attachment":[{"href":"https:\/\/rna.ao\/rna.ao\/wp-json\/wp\/v2\/media?parent=12662"}],"wp:term":[{"taxonomy":"category","embeddable":true,"href":"https:\/\/rna.ao\/rna.ao\/wp-json\/wp\/v2\/categories?post=12662"},{"taxonomy":"post_tag","embeddable":true,"href":"https:\/\/rna.ao\/rna.ao\/wp-json\/wp\/v2\/tags?post=12662"}],"curies":[{"name":"wp","href":"https:\/\/api.w.org\/{rel}","templated":true}]}}