{"id":12658,"date":"2020-12-07T06:28:05","date_gmt":"2020-12-07T05:28:05","guid":{"rendered":"https:\/\/rna.ao\/rna.ao\/?p=12658"},"modified":"2020-12-07T06:28:05","modified_gmt":"2020-12-07T05:28:05","slug":"sexta-turbina-de-lauca-reforca-em-breve-sistema-electrico-nacional","status":"publish","type":"post","link":"https:\/\/rna.ao\/rna.ao\/2020\/12\/07\/sexta-turbina-de-lauca-reforca-em-breve-sistema-electrico-nacional\/","title":{"rendered":"Sexta turbina de La\u00faca refor\u00e7a em breve sistema el\u00e9ctrico nacional"},"content":{"rendered":"<p><img loading=\"lazy\" class=\"size-full wp-image-12660 alignleft\" src=\"https:\/\/rna.ao\/rna.ao\/wp-content\/uploads\/2020\/12\/Barragem-Lau\u0301ca.jpg\" alt=\"\" width=\"256\" height=\"192\" \/>O sistema el\u00e9trico nacional vai ficar mais refor\u00e7ado, em breve, com a entrada em funcionamento da sexta turbina da Barragem hidroel\u00e9trica de La\u00faca.<\/p>\n<p>Quando terminarem os testes, a turbina vai injectar mais de trezentos megawatts no sistema el\u00e9trico nacional. Clique no \u00e1udio, em baixo, e ou\u00e7a com mais desenvolvimento na reportagem:<\/p>\n\t<div class=\"qtmplayer-playlist-large\">\n\t\t<ul class=\"qtmplayer-playlist\">\n\t\t\t\n\t\t\t\t\t<li class=\"qtmplayer-trackitem\">\n\t\t<img src=\"https:\/\/rna.ao\/rna.ao\/wp-content\/uploads\/2020\/12\/Barragem-Lau\u0301ca-100x100.jpg\" alt=\"cover\">\t\t<span \t\t\tdata-qtmplayer-cover=\"https:\/\/rna.ao\/rna.ao\/wp-content\/uploads\/2020\/12\/Barragem-Lau\u0301ca.jpg\"\n\t\t\t\t\t\tdata-qtmplayer-file=\"https:\/\/rna.ao\/rna.ao\/wp-content\/uploads\/2020\/12\/MALANGE-TURBINA-6HS.mp3\"\n\t\t\t\t\t\tdata-qtmplayer-title=\"Sexta turbina de La\u00faca refor\u00e7a em breve sistema el\u00e9ctrico nacional\"\n\t\t\t\t\t\tdata-qtmplayer-artist=\"RNA\"\n\t\t\t\t\t\tdata-qtmplayer-link=\"https:\/\/rna.ao\/rna.ao\/2020\/12\/07\/sexta-turbina-de-lauca-reforca-em-breve-sistema-electrico-nacional\/\"\n\t\t\t\t\t\tdata-qtmplayer-icon=\"file_download\"\n\t\t\t\t\t\tdata-qtmplayer-type=\"track\"\n\t\t\t class=\"qtmplayer-play qtmplayer-link-sec qtmplayer-play-btn\"><i class='material-icons'>play_arrow<\/i><\/span>\n\t\t<p>\n\t\t\t<span class=\"qtmplayer-tit\">Sexta turbina de La\u00faca refor\u00e7a em breve sistema el\u00e9ctrico nacional<\/span>\n\t\t\t<span class=\"qtmplayer-art\">RNA<\/span>\n\t\t<\/p>\n\t<\/li>\n\t\t<\/ul>\n\t<\/div>\t\t\t\n\t\n<p>Fonte: RNA &#8211; Jornalista Osvaldo da Paix\u00e3o<\/p>\n","protected":false},"excerpt":{"rendered":"<p>O sistema el\u00e9trico nacional vai ficar mais refor\u00e7ado, em breve, com a entrada em funcionamento da sexta turbina da Barragem hidroel\u00e9trica de La\u00faca. Quando terminarem os testes, a turbina vai injectar mais de trezentos megawatts no sistema el\u00e9trico nacional. Clique no \u00e1udio, em baixo, e ou\u00e7a com mais desenvolvimento na ...<\/p>\n","protected":false},"author":8,"featured_media":12660,"comment_status":"closed","ping_status":"closed","sticky":false,"template":"","format":"standard","meta":[],"categories":[142,121,163],"tags":[],"_links":{"self":[{"href":"https:\/\/rna.ao\/rna.ao\/wp-json\/wp\/v2\/posts\/12658"}],"collection":[{"href":"https:\/\/rna.ao\/rna.ao\/wp-json\/wp\/v2\/posts"}],"about":[{"href":"https:\/\/rna.ao\/rna.ao\/wp-json\/wp\/v2\/types\/post"}],"author":[{"embeddable":true,"href":"https:\/\/rna.ao\/rna.ao\/wp-json\/wp\/v2\/users\/8"}],"replies":[{"embeddable":true,"href":"https:\/\/rna.ao\/rna.ao\/wp-json\/wp\/v2\/comments?post=12658"}],"version-history":[{"count":1,"href":"https:\/\/rna.ao\/rna.ao\/wp-json\/wp\/v2\/posts\/12658\/revisions"}],"predecessor-version":[{"id":12661,"href":"https:\/\/rna.ao\/rna.ao\/wp-json\/wp\/v2\/posts\/12658\/revisions\/12661"}],"wp:featuredmedia":[{"embeddable":true,"href":"https:\/\/rna.ao\/rna.ao\/wp-json\/wp\/v2\/media\/12660"}],"wp:attachment":[{"href":"https:\/\/rna.ao\/rna.ao\/wp-json\/wp\/v2\/media?parent=12658"}],"wp:term":[{"taxonomy":"category","embeddable":true,"href":"https:\/\/rna.ao\/rna.ao\/wp-json\/wp\/v2\/categories?post=12658"},{"taxonomy":"post_tag","embeddable":true,"href":"https:\/\/rna.ao\/rna.ao\/wp-json\/wp\/v2\/tags?post=12658"}],"curies":[{"name":"wp","href":"https:\/\/api.w.org\/{rel}","templated":true}]}}