{"id":12646,"date":"2020-12-07T06:12:18","date_gmt":"2020-12-07T05:12:18","guid":{"rendered":"https:\/\/rna.ao\/rna.ao\/?p=12646"},"modified":"2020-12-07T06:12:18","modified_gmt":"2020-12-07T05:12:18","slug":"governo-do-bie-exige-mais-rigor-na-execucao-das-obras-inscritas-no-piim","status":"publish","type":"post","link":"https:\/\/rna.ao\/rna.ao\/2020\/12\/07\/governo-do-bie-exige-mais-rigor-na-execucao-das-obras-inscritas-no-piim\/","title":{"rendered":"Governo do Bi\u00e9 exige mais rigor na execu\u00e7\u00e3o das obras inscritas no PIIM"},"content":{"rendered":"<p><img loading=\"lazy\" class=\"size-full wp-image-12652 alignleft\" src=\"https:\/\/rna.ao\/rna.ao\/wp-content\/uploads\/2020\/12\/Preira-Alfredo-Governador-do-Bia.jpg\" alt=\"\" width=\"282\" height=\"178\" \/>O Plano Integrado de Interven\u00e7\u00e3o nos Munic\u00edpios (PIIM), contemplou, na Prov\u00edncia do Bi\u00e9, a reabilita\u00e7\u00e3o e constru\u00e7\u00e3o dos hospitais provinciais e municipais, e a instala\u00e7\u00e3o de servi\u00e7os de apoio \u00e0 justi\u00e7a.<\/p>\n<p>O Governador do Bi\u00e9, Pereira Alfredo, supervisionou o andamento das obras e apela rigor na qualidade das empreitadas, e racionaliza\u00e7\u00e3o dos recursos financeiros. Clique no \u00e1udio, em baixo, e ou\u00e7a:<\/p>\n\t<div class=\"qtmplayer-playlist-large\">\n\t\t<ul class=\"qtmplayer-playlist\">\n\t\t\t\n\t\t\t\t\t<li class=\"qtmplayer-trackitem\">\n\t\t<img src=\"https:\/\/rna.ao\/rna.ao\/wp-content\/uploads\/2020\/12\/Preira-Alfredo-Governador-do-Bia-100x100.jpg\" alt=\"cover\">\t\t<span \t\t\tdata-qtmplayer-cover=\"https:\/\/rna.ao\/rna.ao\/wp-content\/uploads\/2020\/12\/Preira-Alfredo-Governador-do-Bia.jpg\"\n\t\t\t\t\t\tdata-qtmplayer-file=\"https:\/\/rna.ao\/rna.ao\/wp-content\/uploads\/2020\/12\/BIE-GOVERNADOR-6HS.mp3\"\n\t\t\t\t\t\tdata-qtmplayer-title=\"Governo do Bi\u00e9 exige mais rigor na execu\u00e7\u00e3o das obras inscritas no PIIM\"\n\t\t\t\t\t\tdata-qtmplayer-artist=\"RNA\"\n\t\t\t\t\t\tdata-qtmplayer-link=\"https:\/\/rna.ao\/rna.ao\/2020\/12\/07\/governo-do-bie-exige-mais-rigor-na-execucao-das-obras-inscritas-no-piim\/\"\n\t\t\t\t\t\tdata-qtmplayer-icon=\"file_download\"\n\t\t\t\t\t\tdata-qtmplayer-type=\"track\"\n\t\t\t class=\"qtmplayer-play qtmplayer-link-sec qtmplayer-play-btn\"><i class='material-icons'>play_arrow<\/i><\/span>\n\t\t<p>\n\t\t\t<span class=\"qtmplayer-tit\">Governo do Bi\u00e9 exige mais rigor na execu\u00e7\u00e3o das obras inscritas no PIIM<\/span>\n\t\t\t<span class=\"qtmplayer-art\">RNA<\/span>\n\t\t<\/p>\n\t<\/li>\n\t\t<\/ul>\n\t<\/div>\t\t\t\n\t\n<p>Fonte: RNA<\/p>\n","protected":false},"excerpt":{"rendered":"<p>O Plano Integrado de Interven\u00e7\u00e3o nos Munic\u00edpios (PIIM), contemplou, na Prov\u00edncia do Bi\u00e9, a reabilita\u00e7\u00e3o e constru\u00e7\u00e3o dos hospitais provinciais e municipais, e a instala\u00e7\u00e3o de servi\u00e7os de apoio \u00e0 justi\u00e7a. O Governador do Bi\u00e9, Pereira Alfredo, supervisionou o andamento das obras e apela rigor na qualidade das empreitadas, e ...<\/p>\n","protected":false},"author":8,"featured_media":12652,"comment_status":"closed","ping_status":"closed","sticky":false,"template":"","format":"standard","meta":[],"categories":[142,121,163],"tags":[],"_links":{"self":[{"href":"https:\/\/rna.ao\/rna.ao\/wp-json\/wp\/v2\/posts\/12646"}],"collection":[{"href":"https:\/\/rna.ao\/rna.ao\/wp-json\/wp\/v2\/posts"}],"about":[{"href":"https:\/\/rna.ao\/rna.ao\/wp-json\/wp\/v2\/types\/post"}],"author":[{"embeddable":true,"href":"https:\/\/rna.ao\/rna.ao\/wp-json\/wp\/v2\/users\/8"}],"replies":[{"embeddable":true,"href":"https:\/\/rna.ao\/rna.ao\/wp-json\/wp\/v2\/comments?post=12646"}],"version-history":[{"count":1,"href":"https:\/\/rna.ao\/rna.ao\/wp-json\/wp\/v2\/posts\/12646\/revisions"}],"predecessor-version":[{"id":12653,"href":"https:\/\/rna.ao\/rna.ao\/wp-json\/wp\/v2\/posts\/12646\/revisions\/12653"}],"wp:featuredmedia":[{"embeddable":true,"href":"https:\/\/rna.ao\/rna.ao\/wp-json\/wp\/v2\/media\/12652"}],"wp:attachment":[{"href":"https:\/\/rna.ao\/rna.ao\/wp-json\/wp\/v2\/media?parent=12646"}],"wp:term":[{"taxonomy":"category","embeddable":true,"href":"https:\/\/rna.ao\/rna.ao\/wp-json\/wp\/v2\/categories?post=12646"},{"taxonomy":"post_tag","embeddable":true,"href":"https:\/\/rna.ao\/rna.ao\/wp-json\/wp\/v2\/tags?post=12646"}],"curies":[{"name":"wp","href":"https:\/\/api.w.org\/{rel}","templated":true}]}}