{"id":12645,"date":"2020-12-07T06:06:27","date_gmt":"2020-12-07T05:06:27","guid":{"rendered":"https:\/\/rna.ao\/rna.ao\/?p=12645"},"modified":"2020-12-07T07:02:14","modified_gmt":"2020-12-07T06:02:14","slug":"benguela-comercializacao-de-terrenos-infraestruturados-nas-centralidades-comecam-hoje","status":"publish","type":"post","link":"https:\/\/rna.ao\/rna.ao\/2020\/12\/07\/benguela-comercializacao-de-terrenos-infraestruturados-nas-centralidades-comecam-hoje\/","title":{"rendered":"Benguela: Comercializa\u00e7\u00e3o de terrenos infraestruturados come\u00e7am hoje"},"content":{"rendered":"<p><img loading=\"lazy\" class=\"size-full wp-image-12649 alignleft\" src=\"https:\/\/rna.ao\/rna.ao\/wp-content\/uploads\/2020\/12\/Manuel-Tavares-de-Almeida.jpg\" alt=\"\" width=\"303\" height=\"202\" \/>Na Prov\u00edncia de Benguela come\u00e7a esta segunda-feira, 07 de dezembro, o processo de comercializa\u00e7\u00e3o de terrenos infraestruturados.<br \/>\nNo total, s\u00e3o cento e dez lotes das Centralidades do Lobito, Luhongo e Ba\u00eda Farta, que estar\u00e3o \u00e0 disposi\u00e7\u00e3o dos interessados afim de garantir o desenvolvimento socioecon\u00f3mico da prov\u00edncia.<\/p>\n<p>A directora de marketing e vendas da EGTI, Jacqueline Coelho, informou, \u00e0 RNA, que as candidaturas ser\u00e3o feitas online. Clique no \u00e1udio, em baixo, e ou\u00e7a:<\/p>\n\t<div class=\"qtmplayer-playlist-large\">\n\t\t<ul class=\"qtmplayer-playlist\">\n\t\t\t\n\t\t\t\t\t<li class=\"qtmplayer-trackitem\">\n\t\t<img src=\"https:\/\/rna.ao\/rna.ao\/wp-content\/uploads\/2020\/12\/Manuel-Tavares-de-Almeida-100x100.jpg\" alt=\"cover\">\t\t<span \t\t\tdata-qtmplayer-cover=\"https:\/\/rna.ao\/rna.ao\/wp-content\/uploads\/2020\/12\/Manuel-Tavares-de-Almeida.jpg\"\n\t\t\t\t\t\tdata-qtmplayer-file=\"https:\/\/rna.ao\/rna.ao\/wp-content\/uploads\/2020\/12\/JAQUELINE-COELHO-6HS.mp3\"\n\t\t\t\t\t\tdata-qtmplayer-title=\"Benguela: Comercializa\u00e7\u00e3o de terrenos infraestruturados come\u00e7am hoje\"\n\t\t\t\t\t\tdata-qtmplayer-artist=\"RNA\"\n\t\t\t\t\t\tdata-qtmplayer-link=\"https:\/\/rna.ao\/rna.ao\/2020\/12\/07\/benguela-comercializacao-de-terrenos-infraestruturados-nas-centralidades-comecam-hoje\/\"\n\t\t\t\t\t\tdata-qtmplayer-icon=\"file_download\"\n\t\t\t\t\t\tdata-qtmplayer-type=\"track\"\n\t\t\t class=\"qtmplayer-play qtmplayer-link-sec qtmplayer-play-btn\"><i class='material-icons'>play_arrow<\/i><\/span>\n\t\t<p>\n\t\t\t<span class=\"qtmplayer-tit\">Benguela: Comercializa\u00e7\u00e3o de terrenos infraestruturados come\u00e7am hoje<\/span>\n\t\t\t<span class=\"qtmplayer-art\">RNA<\/span>\n\t\t<\/p>\n\t<\/li>\n\t\t<\/ul>\n\t<\/div>\t\t\t\n\t\n<p>E o Ministro das Obras P\u00fablicas e Ordenamento do Territ\u00f3rio, Manuel tavares de Almeida, disse que os terrenos infraestruturados representam a estrat\u00e9gia do executivo na cria\u00e7\u00e3o de oportunidades. Clique no \u00e1udio, em baixo, e ou\u00e7a:<\/p>\n\t<div class=\"qtmplayer-playlist-large\">\n\t\t<ul class=\"qtmplayer-playlist\">\n\t\t\t\n\t\t\t\t\t<li class=\"qtmplayer-trackitem\">\n\t\t<img src=\"https:\/\/rna.ao\/rna.ao\/wp-content\/uploads\/2020\/12\/Manuel-Tavares-de-Almeida-100x100.jpg\" alt=\"cover\">\t\t<span \t\t\tdata-qtmplayer-cover=\"https:\/\/rna.ao\/rna.ao\/wp-content\/uploads\/2020\/12\/Manuel-Tavares-de-Almeida.jpg\"\n\t\t\t\t\t\tdata-qtmplayer-file=\"https:\/\/rna.ao\/rna.ao\/wp-content\/uploads\/2020\/12\/MANUEL-TAVARES-DE-ALMEIDA-6HS.mp3\"\n\t\t\t\t\t\tdata-qtmplayer-title=\"Benguela: Comercializa\u00e7\u00e3o de terrenos infraestruturados come\u00e7am hoje\"\n\t\t\t\t\t\tdata-qtmplayer-artist=\"RNA\"\n\t\t\t\t\t\tdata-qtmplayer-link=\"https:\/\/rna.ao\/rna.ao\/2020\/12\/07\/benguela-comercializacao-de-terrenos-infraestruturados-nas-centralidades-comecam-hoje\/\"\n\t\t\t\t\t\tdata-qtmplayer-icon=\"file_download\"\n\t\t\t\t\t\tdata-qtmplayer-type=\"track\"\n\t\t\t class=\"qtmplayer-play qtmplayer-link-sec qtmplayer-play-btn\"><i class='material-icons'>play_arrow<\/i><\/span>\n\t\t<p>\n\t\t\t<span class=\"qtmplayer-tit\">Benguela: Comercializa\u00e7\u00e3o de terrenos infraestruturados come\u00e7am hoje<\/span>\n\t\t\t<span class=\"qtmplayer-art\">RNA<\/span>\n\t\t<\/p>\n\t<\/li>\n\t\t<\/ul>\n\t<\/div>\t\t\t\n\t\n<p>Fonte: RNA<\/p>\n","protected":false},"excerpt":{"rendered":"<p>Na Prov\u00edncia de Benguela come\u00e7a esta segunda-feira, 07 de dezembro, o processo de comercializa\u00e7\u00e3o de terrenos infraestruturados. No total, s\u00e3o cento e dez lotes das Centralidades do Lobito, Luhongo e Ba\u00eda Farta, que estar\u00e3o \u00e0 disposi\u00e7\u00e3o dos interessados afim de garantir o desenvolvimento socioecon\u00f3mico da prov\u00edncia. A directora de marketing ...<\/p>\n","protected":false},"author":8,"featured_media":12649,"comment_status":"closed","ping_status":"closed","sticky":false,"template":"","format":"standard","meta":[],"categories":[142,121,163],"tags":[],"_links":{"self":[{"href":"https:\/\/rna.ao\/rna.ao\/wp-json\/wp\/v2\/posts\/12645"}],"collection":[{"href":"https:\/\/rna.ao\/rna.ao\/wp-json\/wp\/v2\/posts"}],"about":[{"href":"https:\/\/rna.ao\/rna.ao\/wp-json\/wp\/v2\/types\/post"}],"author":[{"embeddable":true,"href":"https:\/\/rna.ao\/rna.ao\/wp-json\/wp\/v2\/users\/8"}],"replies":[{"embeddable":true,"href":"https:\/\/rna.ao\/rna.ao\/wp-json\/wp\/v2\/comments?post=12645"}],"version-history":[{"count":2,"href":"https:\/\/rna.ao\/rna.ao\/wp-json\/wp\/v2\/posts\/12645\/revisions"}],"predecessor-version":[{"id":12670,"href":"https:\/\/rna.ao\/rna.ao\/wp-json\/wp\/v2\/posts\/12645\/revisions\/12670"}],"wp:featuredmedia":[{"embeddable":true,"href":"https:\/\/rna.ao\/rna.ao\/wp-json\/wp\/v2\/media\/12649"}],"wp:attachment":[{"href":"https:\/\/rna.ao\/rna.ao\/wp-json\/wp\/v2\/media?parent=12645"}],"wp:term":[{"taxonomy":"category","embeddable":true,"href":"https:\/\/rna.ao\/rna.ao\/wp-json\/wp\/v2\/categories?post=12645"},{"taxonomy":"post_tag","embeddable":true,"href":"https:\/\/rna.ao\/rna.ao\/wp-json\/wp\/v2\/tags?post=12645"}],"curies":[{"name":"wp","href":"https:\/\/api.w.org\/{rel}","templated":true}]}}