{"id":125132,"date":"2023-12-10T06:00:56","date_gmt":"2023-12-10T05:00:56","guid":{"rendered":"https:\/\/rna.ao\/rna.ao\/?p=125132"},"modified":"2023-12-10T05:23:01","modified_gmt":"2023-12-10T04:23:01","slug":"plataforma-logistica-da-caala-inicia-operacoes-em-2025-consorcio-de-operadores-sao-apresentados-em-2024","status":"publish","type":"post","link":"https:\/\/rna.ao\/rna.ao\/2023\/12\/10\/plataforma-logistica-da-caala-inicia-operacoes-em-2025-consorcio-de-operadores-sao-apresentados-em-2024\/","title":{"rendered":"Plataforma Log\u00edstica da Ca\u00e1la inicia opera\u00e7\u00f5es em 2025. Cons\u00f3rcio de operadores s\u00e3o apresentados em 2024"},"content":{"rendered":"<p><img loading=\"lazy\" class=\"size-full wp-image-125133 aligncenter\" src=\"https:\/\/rna.ao\/rna.ao\/wp-content\/uploads\/2023\/12\/lancada-1a-pedra.jpg\" alt=\"\" width=\"720\" height=\"480\" \/><\/p>\n<p>Foi lan\u00e7ada s\u00e1bado, 09\/12, a primeira pedra para a constru\u00e7\u00e3o da Plataforma Log\u00edstica da Ca\u00e1la, na Prov\u00edncia do Huambo, para poder movimentar a partir de 2025 mais de 300 mil toneladas de mercadorias de importa\u00e7\u00e3o e exporta\u00e7\u00e3o.<\/p>\n<p>O acto foi orientado pelo Ministro dos Transportes, Ricardo D&#8217;Abreu, e testemunhado por v\u00e1rias entidades, com realce para o Ministro dos Neg\u00f3cios Estrangeiros de Portugal, Jo\u00e3o Gomes Cravinho, assim como dos Embaixadores dos Pa\u00edses Baixos, B\u00e9lgica, Espanha, Uni\u00e3o Europeia e Su\u00ed\u00e7a. Saiba mais, no \u00e1udio abaixo, com a rep\u00f3rter Felismina das Dores:<\/p>\n\t<div class=\"qtmplayer-playlist-large\">\n\t\t<ul class=\"qtmplayer-playlist\">\n\t\t\t\n\t\t\t\t\t<li class=\"qtmplayer-trackitem\">\n\t\t<img src=\"https:\/\/rna.ao\/rna.ao\/wp-content\/uploads\/2023\/12\/DAbreu-1-100x100.jpg\" alt=\"cover\">\t\t<span \t\t\tdata-qtmplayer-cover=\"https:\/\/rna.ao\/rna.ao\/wp-content\/uploads\/2023\/12\/DAbreu-1.jpg\"\n\t\t\t\t\t\tdata-qtmplayer-file=\"https:\/\/rna.ao\/rna.ao\/wp-content\/uploads\/2023\/12\/HUAMBO-PLATAFORMA-LOGISTICA.mp3\"\n\t\t\t\t\t\tdata-qtmplayer-title=\"Plataforma Log\u00edstica da Ca\u00e1la inicia opera\u00e7\u00f5es em 2025. Cons\u00f3rcio de operadores s\u00e3o apresentados em 2024\"\n\t\t\t\t\t\tdata-qtmplayer-artist=\"RNA\"\n\t\t\t\t\t\tdata-qtmplayer-link=\"https:\/\/rna.ao\/rna.ao\/2023\/12\/10\/plataforma-logistica-da-caala-inicia-operacoes-em-2025-consorcio-de-operadores-sao-apresentados-em-2024\/\"\n\t\t\t\t\t\tdata-qtmplayer-icon=\"file_download\"\n\t\t\t\t\t\tdata-qtmplayer-type=\"track\"\n\t\t\t class=\"qtmplayer-play qtmplayer-link-sec qtmplayer-play-btn\"><i class='material-icons'>play_arrow<\/i><\/span>\n\t\t<p>\n\t\t\t<span class=\"qtmplayer-tit\">Plataforma Log\u00edstica da Ca\u00e1la inicia opera\u00e7\u00f5es em 2025. Cons\u00f3rcio de operadores s\u00e3o apresentados em 2024<\/span>\n\t\t\t<span class=\"qtmplayer-art\">RNA<\/span>\n\t\t<\/p>\n\t<\/li>\n\t\t<\/ul>\n\t<\/div>\t\t\t\n\t\n<p><img loading=\"lazy\" class=\"size-full wp-image-125137 aligncenter\" src=\"https:\/\/rna.ao\/rna.ao\/wp-content\/uploads\/2023\/12\/DAbreu.jpg\" alt=\"\" width=\"720\" height=\"480\" \/><\/p>\n<p>Fonte: RNA<\/p>\n","protected":false},"excerpt":{"rendered":"<p>Foi lan\u00e7ada s\u00e1bado, 09\/12, a primeira pedra para a constru\u00e7\u00e3o da Plataforma Log\u00edstica da Ca\u00e1la, na Prov\u00edncia do Huambo, para poder movimentar a partir de 2025 mais de 300 mil toneladas de mercadorias de importa\u00e7\u00e3o e exporta\u00e7\u00e3o. O acto foi orientado pelo Ministro dos Transportes, Ricardo D&#8217;Abreu, e testemunhado por ...<\/p>\n","protected":false},"author":8,"featured_media":125138,"comment_status":"closed","ping_status":"closed","sticky":false,"template":"","format":"standard","meta":[],"categories":[142,121,164,163],"tags":[],"_links":{"self":[{"href":"https:\/\/rna.ao\/rna.ao\/wp-json\/wp\/v2\/posts\/125132"}],"collection":[{"href":"https:\/\/rna.ao\/rna.ao\/wp-json\/wp\/v2\/posts"}],"about":[{"href":"https:\/\/rna.ao\/rna.ao\/wp-json\/wp\/v2\/types\/post"}],"author":[{"embeddable":true,"href":"https:\/\/rna.ao\/rna.ao\/wp-json\/wp\/v2\/users\/8"}],"replies":[{"embeddable":true,"href":"https:\/\/rna.ao\/rna.ao\/wp-json\/wp\/v2\/comments?post=125132"}],"version-history":[{"count":2,"href":"https:\/\/rna.ao\/rna.ao\/wp-json\/wp\/v2\/posts\/125132\/revisions"}],"predecessor-version":[{"id":125139,"href":"https:\/\/rna.ao\/rna.ao\/wp-json\/wp\/v2\/posts\/125132\/revisions\/125139"}],"wp:featuredmedia":[{"embeddable":true,"href":"https:\/\/rna.ao\/rna.ao\/wp-json\/wp\/v2\/media\/125138"}],"wp:attachment":[{"href":"https:\/\/rna.ao\/rna.ao\/wp-json\/wp\/v2\/media?parent=125132"}],"wp:term":[{"taxonomy":"category","embeddable":true,"href":"https:\/\/rna.ao\/rna.ao\/wp-json\/wp\/v2\/categories?post=125132"},{"taxonomy":"post_tag","embeddable":true,"href":"https:\/\/rna.ao\/rna.ao\/wp-json\/wp\/v2\/tags?post=125132"}],"curies":[{"name":"wp","href":"https:\/\/api.w.org\/{rel}","templated":true}]}}