{"id":125129,"date":"2023-12-10T06:01:54","date_gmt":"2023-12-10T05:01:54","guid":{"rendered":"https:\/\/rna.ao\/rna.ao\/?p=125129"},"modified":"2023-12-11T15:38:32","modified_gmt":"2023-12-11T14:38:32","slug":"mpla-assinala-67-anos-de-fundacao-focado-na-melhoria-do-bem-estar-dos-angolanos","status":"publish","type":"post","link":"https:\/\/rna.ao\/rna.ao\/2023\/12\/10\/mpla-assinala-67-anos-de-fundacao-focado-na-melhoria-do-bem-estar-dos-angolanos\/","title":{"rendered":"MPLA assinala 67 anos de funda\u00e7\u00e3o focado na melhoria do bem-estar dos angolanos"},"content":{"rendered":"<p><img loading=\"lazy\" class=\"size-medium wp-image-125145 aligncenter\" src=\"https:\/\/rna.ao\/rna.ao\/wp-content\/uploads\/2023\/12\/MPLA-67-anos-770x770.jpg\" alt=\"\" width=\"770\" height=\"770\" srcset=\"https:\/\/rna.ao\/rna.ao\/wp-content\/uploads\/2023\/12\/MPLA-67-anos-770x770.jpg 770w, https:\/\/rna.ao\/rna.ao\/wp-content\/uploads\/2023\/12\/MPLA-67-anos-150x150.jpg 150w, https:\/\/rna.ao\/rna.ao\/wp-content\/uploads\/2023\/12\/MPLA-67-anos-768x768.jpg 768w, https:\/\/rna.ao\/rna.ao\/wp-content\/uploads\/2023\/12\/MPLA-67-anos-100x100.jpg 100w, https:\/\/rna.ao\/rna.ao\/wp-content\/uploads\/2023\/12\/MPLA-67-anos-370x370.jpg 370w, https:\/\/rna.ao\/rna.ao\/wp-content\/uploads\/2023\/12\/MPLA-67-anos.jpg 960w\" sizes=\"(max-width: 770px) 100vw, 770px\" \/>O MPLA &#8211; partido no poder em Angola &#8211; assinala hoje, 10 de dezembro, 67 anos da sua constitui\u00e7\u00e3o. O acto central antecipado das comemora\u00e7\u00f5es teve lugar na cidade de Ondjiva, Prov\u00edncia do Cunene, onde o Secret\u00e1rio-Geral Paulo Pombolo reafirmou que o partido est\u00e1 focado na melhoria das condi\u00e7\u00f5es econ\u00f3micas e sociais dos angolanos, visando o seu bem-estar no pa\u00eds. Saiba mais, no \u00e1udio abaixo, com o jornalista Ant\u00f3nio Pinto:<\/p>\n\t<div class=\"qtmplayer-playlist-large\">\n\t\t<ul class=\"qtmplayer-playlist\">\n\t\t\t\n\t\t\t\t\t<li class=\"qtmplayer-trackitem\">\n\t\t<img src=\"https:\/\/rna.ao\/rna.ao\/wp-content\/uploads\/2023\/12\/MPLA-67-anos-dopartido-1-100x100.jpg\" alt=\"cover\">\t\t<span \t\t\tdata-qtmplayer-cover=\"https:\/\/rna.ao\/rna.ao\/wp-content\/uploads\/2023\/12\/MPLA-67-anos-dopartido-1.jpg\"\n\t\t\t\t\t\tdata-qtmplayer-file=\"https:\/\/rna.ao\/rna.ao\/wp-content\/uploads\/2023\/12\/ANTONIO-PINTO.mp3\"\n\t\t\t\t\t\tdata-qtmplayer-title=\"MPLA assinala 67 anos de funda\u00e7\u00e3o focado na melhoria do bem-estar dos angolanos\"\n\t\t\t\t\t\tdata-qtmplayer-artist=\"RNA\"\n\t\t\t\t\t\tdata-qtmplayer-link=\"https:\/\/rna.ao\/rna.ao\/2023\/12\/10\/mpla-assinala-67-anos-de-fundacao-focado-na-melhoria-do-bem-estar-dos-angolanos\/\"\n\t\t\t\t\t\tdata-qtmplayer-icon=\"file_download\"\n\t\t\t\t\t\tdata-qtmplayer-type=\"track\"\n\t\t\t class=\"qtmplayer-play qtmplayer-link-sec qtmplayer-play-btn\"><i class='material-icons'>play_arrow<\/i><\/span>\n\t\t<p>\n\t\t\t<span class=\"qtmplayer-tit\">MPLA assinala 67 anos de funda\u00e7\u00e3o focado na melhoria do bem-estar dos angolanos<\/span>\n\t\t\t<span class=\"qtmplayer-art\">RNA<\/span>\n\t\t<\/p>\n\t<\/li>\n\t\t<\/ul>\n\t<\/div>\t\t\t\n\t\n<p><img loading=\"lazy\" class=\"size-full wp-image-125146 aligncenter\" src=\"https:\/\/rna.ao\/rna.ao\/wp-content\/uploads\/2023\/12\/PauloPombolo.jpg\" alt=\"\" width=\"628\" height=\"552\" \/><\/p>\n<p>Fonte: RNA<\/p>\n","protected":false},"excerpt":{"rendered":"<p>O MPLA &#8211; partido no poder em Angola &#8211; assinala hoje, 10 de dezembro, 67 anos da sua constitui\u00e7\u00e3o. O acto central antecipado das comemora\u00e7\u00f5es teve lugar na cidade de Ondjiva, Prov\u00edncia do Cunene, onde o Secret\u00e1rio-Geral Paulo Pombolo reafirmou que o partido est\u00e1 focado na melhoria das condi\u00e7\u00f5es econ\u00f3micas ...<\/p>\n","protected":false},"author":8,"featured_media":125147,"comment_status":"closed","ping_status":"closed","sticky":false,"template":"","format":"standard","meta":[],"categories":[142,121,163],"tags":[],"_links":{"self":[{"href":"https:\/\/rna.ao\/rna.ao\/wp-json\/wp\/v2\/posts\/125129"}],"collection":[{"href":"https:\/\/rna.ao\/rna.ao\/wp-json\/wp\/v2\/posts"}],"about":[{"href":"https:\/\/rna.ao\/rna.ao\/wp-json\/wp\/v2\/types\/post"}],"author":[{"embeddable":true,"href":"https:\/\/rna.ao\/rna.ao\/wp-json\/wp\/v2\/users\/8"}],"replies":[{"embeddable":true,"href":"https:\/\/rna.ao\/rna.ao\/wp-json\/wp\/v2\/comments?post=125129"}],"version-history":[{"count":1,"href":"https:\/\/rna.ao\/rna.ao\/wp-json\/wp\/v2\/posts\/125129\/revisions"}],"predecessor-version":[{"id":125148,"href":"https:\/\/rna.ao\/rna.ao\/wp-json\/wp\/v2\/posts\/125129\/revisions\/125148"}],"wp:featuredmedia":[{"embeddable":true,"href":"https:\/\/rna.ao\/rna.ao\/wp-json\/wp\/v2\/media\/125147"}],"wp:attachment":[{"href":"https:\/\/rna.ao\/rna.ao\/wp-json\/wp\/v2\/media?parent=125129"}],"wp:term":[{"taxonomy":"category","embeddable":true,"href":"https:\/\/rna.ao\/rna.ao\/wp-json\/wp\/v2\/categories?post=125129"},{"taxonomy":"post_tag","embeddable":true,"href":"https:\/\/rna.ao\/rna.ao\/wp-json\/wp\/v2\/tags?post=125129"}],"curies":[{"name":"wp","href":"https:\/\/api.w.org\/{rel}","templated":true}]}}