{"id":125125,"date":"2023-12-10T05:59:17","date_gmt":"2023-12-10T04:59:17","guid":{"rendered":"https:\/\/rna.ao\/rna.ao\/?p=125125"},"modified":"2023-12-11T07:59:42","modified_gmt":"2023-12-11T06:59:42","slug":"lobitangas-ambicionam-primeira-vitoria-na-fase-de-grupos-da-taca-caf","status":"publish","type":"post","link":"https:\/\/rna.ao\/rna.ao\/2023\/12\/10\/lobitangas-ambicionam-primeira-vitoria-na-fase-de-grupos-da-taca-caf\/","title":{"rendered":"Lobitangas ambicionam primeira vit\u00f3ria na fase de grupos da Ta\u00e7a CAF"},"content":{"rendered":"<p><strong><img loading=\"lazy\" class=\"size-medium wp-image-124484 aligncenter\" src=\"https:\/\/rna.ao\/rna.ao\/wp-content\/uploads\/2023\/12\/Academica-doLobito-treino-770x538.jpg\" alt=\"\" width=\"770\" height=\"538\" srcset=\"https:\/\/rna.ao\/rna.ao\/wp-content\/uploads\/2023\/12\/Academica-doLobito-treino-770x538.jpg 770w, https:\/\/rna.ao\/rna.ao\/wp-content\/uploads\/2023\/12\/Academica-doLobito-treino-1170x818.jpg 1170w, https:\/\/rna.ao\/rna.ao\/wp-content\/uploads\/2023\/12\/Academica-doLobito-treino-768x537.jpg 768w, https:\/\/rna.ao\/rna.ao\/wp-content\/uploads\/2023\/12\/Academica-doLobito-treino-1536x1074.jpg 1536w, https:\/\/rna.ao\/rna.ao\/wp-content\/uploads\/2023\/12\/Academica-doLobito-treino.jpg 1864w\" sizes=\"(max-width: 770px) 100vw, 770px\" \/>Acad\u00e9mica do Lobito ambiciona a sua primeira vitoria na fase de grupos da Ta\u00e7a da Confedera\u00e7\u00e3o.<\/strong><\/p>\n<p><strong>Os lobitangas recebem hoje, 10 de dezembro, \u00e0s 17 horas, no est\u00e1dio 11 de Novembro, o Dreams do Ghana, para a terceira jornada do grupo-C.<\/strong><\/p>\n<p><strong>Pic\u00f3 Sambaca, da equipa t\u00e9cnica da Acad\u00e9mica do Lobito, reconhece que ter\u00e3o pela frente um advers\u00e1rio bastante experientes. Clique no \u00e1udio e ou\u00e7a:<\/strong><\/p>\n\t<div class=\"qtmplayer-playlist-large\">\n\t\t<ul class=\"qtmplayer-playlist\">\n\t\t\t\n\t\t\t\t\t<li class=\"qtmplayer-trackitem\">\n\t\t<img src=\"https:\/\/rna.ao\/rna.ao\/wp-content\/uploads\/2023\/12\/Academica-doLobito-treino-1-100x100.jpg\" alt=\"cover\">\t\t<span \t\t\tdata-qtmplayer-cover=\"https:\/\/rna.ao\/rna.ao\/wp-content\/uploads\/2023\/12\/Academica-doLobito-treino-1.jpg\"\n\t\t\t\t\t\tdata-qtmplayer-file=\"https:\/\/rna.ao\/rna.ao\/wp-content\/uploads\/2023\/12\/1-PICO-SAMBACA-10-12-23.mp3\"\n\t\t\t\t\t\tdata-qtmplayer-title=\"Lobitangas ambicionam primeira vit\u00f3ria na fase de grupos da Ta\u00e7a CAF\"\n\t\t\t\t\t\tdata-qtmplayer-artist=\"RNA\"\n\t\t\t\t\t\tdata-qtmplayer-link=\"https:\/\/rna.ao\/rna.ao\/2023\/12\/10\/lobitangas-ambicionam-primeira-vitoria-na-fase-de-grupos-da-taca-caf\/\"\n\t\t\t\t\t\tdata-qtmplayer-icon=\"file_download\"\n\t\t\t\t\t\tdata-qtmplayer-type=\"track\"\n\t\t\t class=\"qtmplayer-play qtmplayer-link-sec qtmplayer-play-btn\"><i class='material-icons'>play_arrow<\/i><\/span>\n\t\t<p>\n\t\t\t<span class=\"qtmplayer-tit\">Lobitangas ambicionam primeira vit\u00f3ria na fase de grupos da Ta\u00e7a CAF<\/span>\n\t\t\t<span class=\"qtmplayer-art\">RNA<\/span>\n\t\t<\/p>\n\t<\/li>\n\t\t<\/ul>\n\t<\/div>\t\t\t\n\t\n<p><strong>\u00a0<\/strong><\/p>\n","protected":false},"excerpt":{"rendered":"<p>Acad\u00e9mica do Lobito ambiciona a sua primeira vitoria na fase de grupos da Ta\u00e7a da Confedera\u00e7\u00e3o. Os lobitangas recebem hoje, 10 de dezembro, \u00e0s 17 horas, no est\u00e1dio 11 de Novembro, o Dreams do Ghana, para a terceira jornada do grupo-C. Pic\u00f3 Sambaca, da equipa t\u00e9cnica da Acad\u00e9mica do Lobito, ...<\/p>\n","protected":false},"author":8,"featured_media":124485,"comment_status":"closed","ping_status":"closed","sticky":false,"template":"","format":"standard","meta":[],"categories":[145,125,163],"tags":[],"_links":{"self":[{"href":"https:\/\/rna.ao\/rna.ao\/wp-json\/wp\/v2\/posts\/125125"}],"collection":[{"href":"https:\/\/rna.ao\/rna.ao\/wp-json\/wp\/v2\/posts"}],"about":[{"href":"https:\/\/rna.ao\/rna.ao\/wp-json\/wp\/v2\/types\/post"}],"author":[{"embeddable":true,"href":"https:\/\/rna.ao\/rna.ao\/wp-json\/wp\/v2\/users\/8"}],"replies":[{"embeddable":true,"href":"https:\/\/rna.ao\/rna.ao\/wp-json\/wp\/v2\/comments?post=125125"}],"version-history":[{"count":1,"href":"https:\/\/rna.ao\/rna.ao\/wp-json\/wp\/v2\/posts\/125125\/revisions"}],"predecessor-version":[{"id":125127,"href":"https:\/\/rna.ao\/rna.ao\/wp-json\/wp\/v2\/posts\/125125\/revisions\/125127"}],"wp:featuredmedia":[{"embeddable":true,"href":"https:\/\/rna.ao\/rna.ao\/wp-json\/wp\/v2\/media\/124485"}],"wp:attachment":[{"href":"https:\/\/rna.ao\/rna.ao\/wp-json\/wp\/v2\/media?parent=125125"}],"wp:term":[{"taxonomy":"category","embeddable":true,"href":"https:\/\/rna.ao\/rna.ao\/wp-json\/wp\/v2\/categories?post=125125"},{"taxonomy":"post_tag","embeddable":true,"href":"https:\/\/rna.ao\/rna.ao\/wp-json\/wp\/v2\/tags?post=125125"}],"curies":[{"name":"wp","href":"https:\/\/api.w.org\/{rel}","templated":true}]}}