{"id":125112,"date":"2023-12-10T05:55:39","date_gmt":"2023-12-10T04:55:39","guid":{"rendered":"https:\/\/rna.ao\/rna.ao\/?p=125112"},"modified":"2023-12-09T23:11:30","modified_gmt":"2023-12-09T22:11:30","slug":"academica-de-luanda-e-tricampea-de-hoquei-em-patins","status":"publish","type":"post","link":"https:\/\/rna.ao\/rna.ao\/2023\/12\/10\/academica-de-luanda-e-tricampea-de-hoquei-em-patins\/","title":{"rendered":"Acad\u00e9mica de Luanda \u00e9 tricampe\u00e3 de H\u00f3quei em Patins"},"content":{"rendered":"<p><strong><img loading=\"lazy\" class=\"size-full wp-image-122446 aligncenter\" src=\"https:\/\/rna.ao\/rna.ao\/wp-content\/uploads\/2023\/11\/Hoquei-patins-patins.jpg\" alt=\"\" width=\"620\" height=\"355\" \/>Acad\u00e9mica de Luanda \u00e9 tricampe\u00e3 nacional de h\u00f3quei em patins. <\/strong><strong>Os estudantes fizeram o pleno ao vencer os 3 jogos consecutivos, do play-off da final, ao Sagrado Cora\u00e7\u00e3o de Jesus, por 6-2, 7-2 e 5-1.<\/strong><\/p>\n<p><strong>Alberto Domingos J\u00f3, t\u00e9cnico da Acad\u00e9mica de Luanda, dedicou o t\u00edtulo ao antigo comentarista da R\u00e1dio-5, Maninho Cabral. Clique no \u00e1udio e ou\u00e7a:<\/strong><\/p>\n\t<div class=\"qtmplayer-playlist-large\">\n\t\t<ul class=\"qtmplayer-playlist\">\n\t\t\t\n\t\t\t\t\t<li class=\"qtmplayer-trackitem\">\n\t\t<img src=\"https:\/\/rna.ao\/rna.ao\/wp-content\/uploads\/2023\/11\/Hoquei-patins-patins-1-100x100.jpg\" alt=\"cover\">\t\t<span \t\t\tdata-qtmplayer-cover=\"https:\/\/rna.ao\/rna.ao\/wp-content\/uploads\/2023\/11\/Hoquei-patins-patins-1.jpg\"\n\t\t\t\t\t\tdata-qtmplayer-file=\"https:\/\/rna.ao\/rna.ao\/wp-content\/uploads\/2023\/12\/8-ALBERTO-DOMINGOS-JO-10-12-23.mp3\"\n\t\t\t\t\t\tdata-qtmplayer-title=\"Acad\u00e9mica de Luanda \u00e9 tricampe\u00e3 de H\u00f3quei em Patins\"\n\t\t\t\t\t\tdata-qtmplayer-artist=\"RNA\"\n\t\t\t\t\t\tdata-qtmplayer-link=\"https:\/\/rna.ao\/rna.ao\/2023\/12\/10\/academica-de-luanda-e-tricampea-de-hoquei-em-patins\/\"\n\t\t\t\t\t\tdata-qtmplayer-icon=\"file_download\"\n\t\t\t\t\t\tdata-qtmplayer-type=\"track\"\n\t\t\t class=\"qtmplayer-play qtmplayer-link-sec qtmplayer-play-btn\"><i class='material-icons'>play_arrow<\/i><\/span>\n\t\t<p>\n\t\t\t<span class=\"qtmplayer-tit\">Acad\u00e9mica de Luanda \u00e9 tricampe\u00e3 de H\u00f3quei em Patins<\/span>\n\t\t\t<span class=\"qtmplayer-art\">RNA<\/span>\n\t\t<\/p>\n\t<\/li>\n\t\t<\/ul>\n\t<\/div>\t\t\t\n\t\n<p><strong>Toy Ad\u00e3o, timoneiro dos cat\u00f3licos, lamentou ter falhado o objectivo. Clique no \u00e1udio e ou\u00e7a:<\/strong><\/p>\n\t<div class=\"qtmplayer-playlist-large\">\n\t\t<ul class=\"qtmplayer-playlist\">\n\t\t\t\n\t\t\t\t\t<li class=\"qtmplayer-trackitem\">\n\t\t<img src=\"https:\/\/rna.ao\/rna.ao\/wp-content\/uploads\/2023\/11\/Hoquei-patins-patins-1-100x100.jpg\" alt=\"cover\">\t\t<span \t\t\tdata-qtmplayer-cover=\"https:\/\/rna.ao\/rna.ao\/wp-content\/uploads\/2023\/11\/Hoquei-patins-patins-1.jpg\"\n\t\t\t\t\t\tdata-qtmplayer-file=\"https:\/\/rna.ao\/rna.ao\/wp-content\/uploads\/2023\/12\/9-TOY-ADAO-10-12-23.mp3\"\n\t\t\t\t\t\tdata-qtmplayer-title=\"Acad\u00e9mica de Luanda \u00e9 tricampe\u00e3 de H\u00f3quei em Patins\"\n\t\t\t\t\t\tdata-qtmplayer-artist=\"RNA\"\n\t\t\t\t\t\tdata-qtmplayer-link=\"https:\/\/rna.ao\/rna.ao\/2023\/12\/10\/academica-de-luanda-e-tricampea-de-hoquei-em-patins\/\"\n\t\t\t\t\t\tdata-qtmplayer-icon=\"file_download\"\n\t\t\t\t\t\tdata-qtmplayer-type=\"track\"\n\t\t\t class=\"qtmplayer-play qtmplayer-link-sec qtmplayer-play-btn\"><i class='material-icons'>play_arrow<\/i><\/span>\n\t\t<p>\n\t\t\t<span class=\"qtmplayer-tit\">Acad\u00e9mica de Luanda \u00e9 tricampe\u00e3 de H\u00f3quei em Patins<\/span>\n\t\t\t<span class=\"qtmplayer-art\">RNA<\/span>\n\t\t<\/p>\n\t<\/li>\n\t\t<\/ul>\n\t<\/div>\t\t\t\n\t\n<p><strong>De referir que, o Petro de Luanda ficou na terceira posi\u00e7\u00e3o.<\/strong><\/p>\n<p>Fonte: R\u00e1dio 5\/RNA<\/p>\n","protected":false},"excerpt":{"rendered":"<p>Acad\u00e9mica de Luanda \u00e9 tricampe\u00e3 nacional de h\u00f3quei em patins. Os estudantes fizeram o pleno ao vencer os 3 jogos consecutivos, do play-off da final, ao Sagrado Cora\u00e7\u00e3o de Jesus, por 6-2, 7-2 e 5-1. Alberto Domingos J\u00f3, t\u00e9cnico da Acad\u00e9mica de Luanda, dedicou o t\u00edtulo ao antigo comentarista da ...<\/p>\n","protected":false},"author":8,"featured_media":122447,"comment_status":"closed","ping_status":"closed","sticky":false,"template":"","format":"standard","meta":[],"categories":[145,125,164],"tags":[],"_links":{"self":[{"href":"https:\/\/rna.ao\/rna.ao\/wp-json\/wp\/v2\/posts\/125112"}],"collection":[{"href":"https:\/\/rna.ao\/rna.ao\/wp-json\/wp\/v2\/posts"}],"about":[{"href":"https:\/\/rna.ao\/rna.ao\/wp-json\/wp\/v2\/types\/post"}],"author":[{"embeddable":true,"href":"https:\/\/rna.ao\/rna.ao\/wp-json\/wp\/v2\/users\/8"}],"replies":[{"embeddable":true,"href":"https:\/\/rna.ao\/rna.ao\/wp-json\/wp\/v2\/comments?post=125112"}],"version-history":[{"count":1,"href":"https:\/\/rna.ao\/rna.ao\/wp-json\/wp\/v2\/posts\/125112\/revisions"}],"predecessor-version":[{"id":125115,"href":"https:\/\/rna.ao\/rna.ao\/wp-json\/wp\/v2\/posts\/125112\/revisions\/125115"}],"wp:featuredmedia":[{"embeddable":true,"href":"https:\/\/rna.ao\/rna.ao\/wp-json\/wp\/v2\/media\/122447"}],"wp:attachment":[{"href":"https:\/\/rna.ao\/rna.ao\/wp-json\/wp\/v2\/media?parent=125112"}],"wp:term":[{"taxonomy":"category","embeddable":true,"href":"https:\/\/rna.ao\/rna.ao\/wp-json\/wp\/v2\/categories?post=125112"},{"taxonomy":"post_tag","embeddable":true,"href":"https:\/\/rna.ao\/rna.ao\/wp-json\/wp\/v2\/tags?post=125112"}],"curies":[{"name":"wp","href":"https:\/\/api.w.org\/{rel}","templated":true}]}}