{"id":125090,"date":"2023-12-09T06:00:02","date_gmt":"2023-12-09T05:00:02","guid":{"rendered":"https:\/\/rna.ao\/rna.ao\/?p=125090"},"modified":"2023-12-10T06:54:49","modified_gmt":"2023-12-10T05:54:49","slug":"girabola-paulo-torres-pretende-vencer-no-reencontro-com-mario-soares","status":"publish","type":"post","link":"https:\/\/rna.ao\/rna.ao\/2023\/12\/09\/girabola-paulo-torres-pretende-vencer-no-reencontro-com-mario-soares\/","title":{"rendered":"Girabola: Paulo Torres pretende vencer no reencontro com M\u00e1rio Soares"},"content":{"rendered":"<p style=\"font-weight: 400;\"><img loading=\"lazy\" class=\"size-medium wp-image-85438 aligncenter\" src=\"https:\/\/rna.ao\/rna.ao\/wp-content\/uploads\/2022\/12\/CDH-Paulo-Torres-770x513.jpg\" alt=\"\" width=\"770\" height=\"513\" srcset=\"https:\/\/rna.ao\/rna.ao\/wp-content\/uploads\/2022\/12\/CDH-Paulo-Torres-770x513.jpg 770w, https:\/\/rna.ao\/rna.ao\/wp-content\/uploads\/2022\/12\/CDH-Paulo-Torres-768x512.jpg 768w, https:\/\/rna.ao\/rna.ao\/wp-content\/uploads\/2022\/12\/CDH-Paulo-Torres.jpg 960w\" sizes=\"(max-width: 770px) 100vw, 770px\" \/>O Futebol Clube Bravos do Maquis recebe o Desportivo da Huila, num dos jogos de cartaz da s\u00e9tima jornada do campeonato nacional da primeira divis\u00e3o &#8211; Girabola 2023\/2024.<\/p>\n<p style=\"font-weight: 400;\">Aldemiro Lobo, o t\u00e9cnico-adjunto do Bravos do Maquis, diz que o pensamento passa pela vit\u00f3ria. Clique no \u00e1udio e ou\u00e7a:<\/p>\n\t<div class=\"qtmplayer-playlist-large\">\n\t\t<ul class=\"qtmplayer-playlist\">\n\t\t\t\n\t\t\t\t\t<li class=\"qtmplayer-trackitem\">\n\t\t<img src=\"https:\/\/rna.ao\/rna.ao\/wp-content\/uploads\/2023\/09\/Paulo-Torres-desportivo-da-Huila-100x100.jpg\" alt=\"cover\">\t\t<span \t\t\tdata-qtmplayer-cover=\"https:\/\/rna.ao\/rna.ao\/wp-content\/uploads\/2023\/09\/Paulo-Torres-desportivo-da-Huila.jpg\"\n\t\t\t\t\t\tdata-qtmplayer-file=\"https:\/\/rna.ao\/rna.ao\/wp-content\/uploads\/2023\/12\/6-ADMIRO-LOBO-09-12-23.mp3\"\n\t\t\t\t\t\tdata-qtmplayer-title=\"Girabola: Paulo Torres pretende vencer no reencontro com M\u00e1rio Soares\"\n\t\t\t\t\t\tdata-qtmplayer-artist=\"RNA\"\n\t\t\t\t\t\tdata-qtmplayer-link=\"https:\/\/rna.ao\/rna.ao\/2023\/12\/09\/girabola-paulo-torres-pretende-vencer-no-reencontro-com-mario-soares\/\"\n\t\t\t\t\t\tdata-qtmplayer-icon=\"file_download\"\n\t\t\t\t\t\tdata-qtmplayer-type=\"track\"\n\t\t\t class=\"qtmplayer-play qtmplayer-link-sec qtmplayer-play-btn\"><i class='material-icons'>play_arrow<\/i><\/span>\n\t\t<p>\n\t\t\t<span class=\"qtmplayer-tit\">Girabola: Paulo Torres pretende vencer no reencontro com M\u00e1rio Soares<\/span>\n\t\t\t<span class=\"qtmplayer-art\">RNA<\/span>\n\t\t<\/p>\n\t<\/li>\n\t\t<\/ul>\n\t<\/div>\t\t\t\n\t\n<p style=\"font-weight: 400;\">J\u00e1 os \u201cmilitares da Frente Sul\u201d, que v\u00eam de uma vit\u00f3ria (1\/0) na recep\u00e7\u00e3o ao Williet Sport Clube de Benguela, tamb\u00e9m pretendem vencer, mantendo a passada triunfal, de acordo com o treinador Paulo Torres. Clique no \u00e1udio e ou\u00e7a:<\/p>\n\t<div class=\"qtmplayer-playlist-large\">\n\t\t<ul class=\"qtmplayer-playlist\">\n\t\t\t\n\t\t\t\t\t<li class=\"qtmplayer-trackitem\">\n\t\t<img src=\"https:\/\/rna.ao\/rna.ao\/wp-content\/uploads\/2023\/09\/Paulo-Torres-desportivo-da-Huila-100x100.jpg\" alt=\"cover\">\t\t<span \t\t\tdata-qtmplayer-cover=\"https:\/\/rna.ao\/rna.ao\/wp-content\/uploads\/2023\/09\/Paulo-Torres-desportivo-da-Huila.jpg\"\n\t\t\t\t\t\tdata-qtmplayer-file=\"https:\/\/rna.ao\/rna.ao\/wp-content\/uploads\/2023\/12\/7-PAULO-TORRES-.mp3\"\n\t\t\t\t\t\tdata-qtmplayer-title=\"Girabola: Paulo Torres pretende vencer no reencontro com M\u00e1rio Soares\"\n\t\t\t\t\t\tdata-qtmplayer-artist=\"RNA\"\n\t\t\t\t\t\tdata-qtmplayer-link=\"https:\/\/rna.ao\/rna.ao\/2023\/12\/09\/girabola-paulo-torres-pretende-vencer-no-reencontro-com-mario-soares\/\"\n\t\t\t\t\t\tdata-qtmplayer-icon=\"file_download\"\n\t\t\t\t\t\tdata-qtmplayer-type=\"track\"\n\t\t\t class=\"qtmplayer-play qtmplayer-link-sec qtmplayer-play-btn\"><i class='material-icons'>play_arrow<\/i><\/span>\n\t\t<p>\n\t\t\t<span class=\"qtmplayer-tit\">Girabola: Paulo Torres pretende vencer no reencontro com M\u00e1rio Soares<\/span>\n\t\t\t<span class=\"qtmplayer-art\">RNA<\/span>\n\t\t<\/p>\n\t<\/li>\n\t\t<\/ul>\n\t<\/div>\t\t\t\n\t\n<p>Fonte: R\u00e1dio 5\/RNA<\/p>\n<p style=\"font-weight: 400;\">\n","protected":false},"excerpt":{"rendered":"<p>O Futebol Clube Bravos do Maquis recebe o Desportivo da Huila, num dos jogos de cartaz da s\u00e9tima jornada do campeonato nacional da primeira divis\u00e3o &#8211; Girabola 2023\/2024. Aldemiro Lobo, o t\u00e9cnico-adjunto do Bravos do Maquis, diz que o pensamento passa pela vit\u00f3ria. Clique no \u00e1udio e ou\u00e7a: J\u00e1 os ...<\/p>\n","protected":false},"author":8,"featured_media":117175,"comment_status":"closed","ping_status":"closed","sticky":false,"template":"","format":"standard","meta":[],"categories":[145,125,164],"tags":[],"_links":{"self":[{"href":"https:\/\/rna.ao\/rna.ao\/wp-json\/wp\/v2\/posts\/125090"}],"collection":[{"href":"https:\/\/rna.ao\/rna.ao\/wp-json\/wp\/v2\/posts"}],"about":[{"href":"https:\/\/rna.ao\/rna.ao\/wp-json\/wp\/v2\/types\/post"}],"author":[{"embeddable":true,"href":"https:\/\/rna.ao\/rna.ao\/wp-json\/wp\/v2\/users\/8"}],"replies":[{"embeddable":true,"href":"https:\/\/rna.ao\/rna.ao\/wp-json\/wp\/v2\/comments?post=125090"}],"version-history":[{"count":1,"href":"https:\/\/rna.ao\/rna.ao\/wp-json\/wp\/v2\/posts\/125090\/revisions"}],"predecessor-version":[{"id":125098,"href":"https:\/\/rna.ao\/rna.ao\/wp-json\/wp\/v2\/posts\/125090\/revisions\/125098"}],"wp:featuredmedia":[{"embeddable":true,"href":"https:\/\/rna.ao\/rna.ao\/wp-json\/wp\/v2\/media\/117175"}],"wp:attachment":[{"href":"https:\/\/rna.ao\/rna.ao\/wp-json\/wp\/v2\/media?parent=125090"}],"wp:term":[{"taxonomy":"category","embeddable":true,"href":"https:\/\/rna.ao\/rna.ao\/wp-json\/wp\/v2\/categories?post=125090"},{"taxonomy":"post_tag","embeddable":true,"href":"https:\/\/rna.ao\/rna.ao\/wp-json\/wp\/v2\/tags?post=125090"}],"curies":[{"name":"wp","href":"https:\/\/api.w.org\/{rel}","templated":true}]}}