{"id":124469,"date":"2023-12-03T07:23:36","date_gmt":"2023-12-03T06:23:36","guid":{"rendered":"https:\/\/rna.ao\/rna.ao\/?p=124469"},"modified":"2023-12-03T07:23:36","modified_gmt":"2023-12-03T06:23:36","slug":"mundial-de-andebol-perolas-retemperam-energias-para-o-jogo-com-a-islandia-na-segunda-feira-04-12","status":"publish","type":"post","link":"https:\/\/rna.ao\/rna.ao\/2023\/12\/03\/mundial-de-andebol-perolas-retemperam-energias-para-o-jogo-com-a-islandia-na-segunda-feira-04-12\/","title":{"rendered":"Mundial de Andebol: P\u00e9rolas retemperam energias para o jogo com a Isl\u00e2ndia na segunda-feira (04\/12)"},"content":{"rendered":"<p><img loading=\"lazy\" class=\" wp-image-124471 aligncenter\" src=\"https:\/\/rna.ao\/rna.ao\/wp-content\/uploads\/2023\/12\/Perolas.jpg\" alt=\"\" width=\"792\" height=\"485\" \/>Selec\u00e7\u00e3o nacional s\u00e9nior feminina retempera energias para o confronto de segunda-feira, 04 de dezembro, frente a Isl\u00e2ndia, referente a 3\u00aa e \u00faltima jornada do grupo-D, do campeonato do mundo, numa organiza\u00e7\u00e3o tripartida Dinamarca, Su\u00e9cia e Noruega.<\/p>\n<p>Na noite de s\u00e1bado, 02\/12, as p\u00e9rolas consentiram a segunda derrota, desta vez com a Eslov\u00e9nia, por 30-24, depois da derrota sofrida na estreia diante da Fran\u00e7a, por um golo de diferen\u00e7a,30-29.<\/p>\n<p>Jos\u00e9 Constantino, comentador R\u00e1dio cinco para o andebol, testemunhou assim o desaire das p\u00e9rolas, com destaque para a central Isabel Guialo Belinha, considerada MVP da partida. Clique no \u00e1udio e ou\u00e7a:<\/p>\n\t<div class=\"qtmplayer-playlist-large\">\n\t\t<ul class=\"qtmplayer-playlist\">\n\t\t\t\n\t\t\t\t\t<li class=\"qtmplayer-trackitem\">\n\t\t<img src=\"https:\/\/rna.ao\/rna.ao\/wp-content\/uploads\/2023\/12\/Perolas-1-100x100.jpg\" alt=\"cover\">\t\t<span \t\t\tdata-qtmplayer-cover=\"https:\/\/rna.ao\/rna.ao\/wp-content\/uploads\/2023\/12\/Perolas-1.jpg\"\n\t\t\t\t\t\tdata-qtmplayer-file=\"https:\/\/rna.ao\/rna.ao\/wp-content\/uploads\/2023\/12\/1-JOSE-CONSTANTINO-03-12-23.mp3\"\n\t\t\t\t\t\tdata-qtmplayer-title=\"Mundial de Andebol: P\u00e9rolas retemperam energias para o jogo com a Isl\u00e2ndia na segunda-feira (04\/12)\"\n\t\t\t\t\t\tdata-qtmplayer-artist=\"RNA\"\n\t\t\t\t\t\tdata-qtmplayer-link=\"https:\/\/rna.ao\/rna.ao\/2023\/12\/03\/mundial-de-andebol-perolas-retemperam-energias-para-o-jogo-com-a-islandia-na-segunda-feira-04-12\/\"\n\t\t\t\t\t\tdata-qtmplayer-icon=\"file_download\"\n\t\t\t\t\t\tdata-qtmplayer-type=\"track\"\n\t\t\t class=\"qtmplayer-play qtmplayer-link-sec qtmplayer-play-btn\"><i class='material-icons'>play_arrow<\/i><\/span>\n\t\t<p>\n\t\t\t<span class=\"qtmplayer-tit\">Mundial de Andebol: P\u00e9rolas retemperam energias para o jogo com a Isl\u00e2ndia na segunda-feira (04\/12)<\/span>\n\t\t\t<span class=\"qtmplayer-art\">RNA<\/span>\n\t\t<\/p>\n\t<\/li>\n\t\t<\/ul>\n\t<\/div>\t\t\t\n\t\n<p>Fonte: R\u00e1dio 5\/RNA<\/p>\n","protected":false},"excerpt":{"rendered":"<p>Selec\u00e7\u00e3o nacional s\u00e9nior feminina retempera energias para o confronto de segunda-feira, 04 de dezembro, frente a Isl\u00e2ndia, referente a 3\u00aa e \u00faltima jornada do grupo-D, do campeonato do mundo, numa organiza\u00e7\u00e3o tripartida Dinamarca, Su\u00e9cia e Noruega. Na noite de s\u00e1bado, 02\/12, as p\u00e9rolas consentiram a segunda derrota, desta vez com ...<\/p>\n","protected":false},"author":8,"featured_media":124472,"comment_status":"closed","ping_status":"closed","sticky":false,"template":"","format":"standard","meta":[],"categories":[145,125,164],"tags":[],"_links":{"self":[{"href":"https:\/\/rna.ao\/rna.ao\/wp-json\/wp\/v2\/posts\/124469"}],"collection":[{"href":"https:\/\/rna.ao\/rna.ao\/wp-json\/wp\/v2\/posts"}],"about":[{"href":"https:\/\/rna.ao\/rna.ao\/wp-json\/wp\/v2\/types\/post"}],"author":[{"embeddable":true,"href":"https:\/\/rna.ao\/rna.ao\/wp-json\/wp\/v2\/users\/8"}],"replies":[{"embeddable":true,"href":"https:\/\/rna.ao\/rna.ao\/wp-json\/wp\/v2\/comments?post=124469"}],"version-history":[{"count":1,"href":"https:\/\/rna.ao\/rna.ao\/wp-json\/wp\/v2\/posts\/124469\/revisions"}],"predecessor-version":[{"id":124473,"href":"https:\/\/rna.ao\/rna.ao\/wp-json\/wp\/v2\/posts\/124469\/revisions\/124473"}],"wp:featuredmedia":[{"embeddable":true,"href":"https:\/\/rna.ao\/rna.ao\/wp-json\/wp\/v2\/media\/124472"}],"wp:attachment":[{"href":"https:\/\/rna.ao\/rna.ao\/wp-json\/wp\/v2\/media?parent=124469"}],"wp:term":[{"taxonomy":"category","embeddable":true,"href":"https:\/\/rna.ao\/rna.ao\/wp-json\/wp\/v2\/categories?post=124469"},{"taxonomy":"post_tag","embeddable":true,"href":"https:\/\/rna.ao\/rna.ao\/wp-json\/wp\/v2\/tags?post=124469"}],"curies":[{"name":"wp","href":"https:\/\/api.w.org\/{rel}","templated":true}]}}