{"id":124449,"date":"2023-12-02T21:03:34","date_gmt":"2023-12-02T20:03:34","guid":{"rendered":"https:\/\/rna.ao\/rna.ao\/?p=124449"},"modified":"2023-12-02T21:35:26","modified_gmt":"2023-12-02T20:35:26","slug":"sadc-tem-potencial-para-construir-um-futuro-sustentavel","status":"publish","type":"post","link":"https:\/\/rna.ao\/rna.ao\/2023\/12\/02\/sadc-tem-potencial-para-construir-um-futuro-sustentavel\/","title":{"rendered":"SADC tem potencial para construir um futuro sustent\u00e1vel"},"content":{"rendered":"<p><img loading=\"lazy\" class=\"size-medium wp-image-124454 aligncenter\" src=\"https:\/\/rna.ao\/rna.ao\/wp-content\/uploads\/2023\/12\/DUBAI-jlo-SADC-770x431.jpg\" alt=\"\" width=\"770\" height=\"431\" srcset=\"https:\/\/rna.ao\/rna.ao\/wp-content\/uploads\/2023\/12\/DUBAI-jlo-SADC-770x431.jpg 770w, https:\/\/rna.ao\/rna.ao\/wp-content\/uploads\/2023\/12\/DUBAI-jlo-SADC-1170x655.jpg 1170w, https:\/\/rna.ao\/rna.ao\/wp-content\/uploads\/2023\/12\/DUBAI-jlo-SADC-768x430.jpg 768w, https:\/\/rna.ao\/rna.ao\/wp-content\/uploads\/2023\/12\/DUBAI-jlo-SADC.jpg 1200w\" sizes=\"(max-width: 770px) 100vw, 770px\" \/>\u00c0 margem da COP28, o estadista Jo\u00e3o Louren\u00e7o, na qualidade de Presidente em exerc\u00edcio da SADC, orientou hoje, 02 de dezembro, no Dubai, uma reuni\u00e3o de alto n\u00edvel sobre a iniciativa Grande Muralha Verde da \u00c1frica Austral.<\/p>\n<p>Aprovada em 2015, na reuni\u00e3o de Ministros do Ambiente e dos Recursos Naturais da SADC, esta iniciativa visa a elabora\u00e7\u00e3o de uma estrat\u00e9gia definitiva, sobre os fen\u00f3menos ligados ao ambiente na \u00c1frica Austral.<\/p>\n<p>Na abertura do encontro, o Presidente Jo\u00e3o Louren\u00e7o afirmou que a Regi\u00e3o tem potencial para construir um futuro sustent\u00e1vel, e anunciou que, no pr\u00f3ximo ano, a SADC vai focar-se mais no capital humano e financeiro. Clique no \u00e1udio e ou\u00e7a:<\/p>\n\t<div class=\"qtmplayer-playlist-large\">\n\t\t<ul class=\"qtmplayer-playlist\">\n\t\t\t\n\t\t\t\t\t<li class=\"qtmplayer-trackitem\">\n\t\t<img src=\"https:\/\/rna.ao\/rna.ao\/wp-content\/uploads\/2023\/12\/DUBAI-jlo-SADC-1-100x100.jpg\" alt=\"cover\">\t\t<span \t\t\tdata-qtmplayer-cover=\"https:\/\/rna.ao\/rna.ao\/wp-content\/uploads\/2023\/12\/DUBAI-jlo-SADC-1.jpg\"\n\t\t\t\t\t\tdata-qtmplayer-file=\"https:\/\/rna.ao\/rna.ao\/wp-content\/uploads\/2023\/12\/JOAO-LOURENCO-1-20HRS.mp3\"\n\t\t\t\t\t\tdata-qtmplayer-title=\"SADC tem potencial para construir um futuro sustent\u00e1vel\"\n\t\t\t\t\t\tdata-qtmplayer-artist=\"RNA\"\n\t\t\t\t\t\tdata-qtmplayer-link=\"https:\/\/rna.ao\/rna.ao\/2023\/12\/02\/sadc-tem-potencial-para-construir-um-futuro-sustentavel\/\"\n\t\t\t\t\t\tdata-qtmplayer-icon=\"file_download\"\n\t\t\t\t\t\tdata-qtmplayer-type=\"track\"\n\t\t\t class=\"qtmplayer-play qtmplayer-link-sec qtmplayer-play-btn\"><i class='material-icons'>play_arrow<\/i><\/span>\n\t\t<p>\n\t\t\t<span class=\"qtmplayer-tit\">SADC tem potencial para construir um futuro sustent\u00e1vel<\/span>\n\t\t\t<span class=\"qtmplayer-art\">RNA<\/span>\n\t\t<\/p>\n\t<\/li>\n\t\t<\/ul>\n\t<\/div>\t\t\t\n\t\n<p>Jo\u00e3o Louren\u00e7o falou das oportunidades que a iniciativa &#8220;Grande Muralha Verde da SADC&#8221; oferece aos pa\u00edses da Regi\u00e3o, e apelou ao comprometimento na sua implementa\u00e7\u00e3o. Clique no \u00e1udio e ou\u00e7a:<\/p>\n\t<div class=\"qtmplayer-playlist-large\">\n\t\t<ul class=\"qtmplayer-playlist\">\n\t\t\t\n\t\t\t\t\t<li class=\"qtmplayer-trackitem\">\n\t\t<img src=\"https:\/\/rna.ao\/rna.ao\/wp-content\/uploads\/2023\/12\/DUBAI-jlo-SADC-1-100x100.jpg\" alt=\"cover\">\t\t<span \t\t\tdata-qtmplayer-cover=\"https:\/\/rna.ao\/rna.ao\/wp-content\/uploads\/2023\/12\/DUBAI-jlo-SADC-1.jpg\"\n\t\t\t\t\t\tdata-qtmplayer-file=\"https:\/\/rna.ao\/rna.ao\/wp-content\/uploads\/2023\/12\/JOAO-LOURENCO-2-20HRS.mp3\"\n\t\t\t\t\t\tdata-qtmplayer-title=\"SADC tem potencial para construir um futuro sustent\u00e1vel\"\n\t\t\t\t\t\tdata-qtmplayer-artist=\"RNA\"\n\t\t\t\t\t\tdata-qtmplayer-link=\"https:\/\/rna.ao\/rna.ao\/2023\/12\/02\/sadc-tem-potencial-para-construir-um-futuro-sustentavel\/\"\n\t\t\t\t\t\tdata-qtmplayer-icon=\"file_download\"\n\t\t\t\t\t\tdata-qtmplayer-type=\"track\"\n\t\t\t class=\"qtmplayer-play qtmplayer-link-sec qtmplayer-play-btn\"><i class='material-icons'>play_arrow<\/i><\/span>\n\t\t<p>\n\t\t\t<span class=\"qtmplayer-tit\">SADC tem potencial para construir um futuro sustent\u00e1vel<\/span>\n\t\t\t<span class=\"qtmplayer-art\">RNA<\/span>\n\t\t<\/p>\n\t<\/li>\n\t\t<\/ul>\n\t<\/div>\t\t\t\n\t\n<p>Fonte: RNA<\/p>\n<p>&nbsp;<\/p>\n","protected":false},"excerpt":{"rendered":"<p>\u00c0 margem da COP28, o estadista Jo\u00e3o Louren\u00e7o, na qualidade de Presidente em exerc\u00edcio da SADC, orientou hoje, 02 de dezembro, no Dubai, uma reuni\u00e3o de alto n\u00edvel sobre a iniciativa Grande Muralha Verde da \u00c1frica Austral. Aprovada em 2015, na reuni\u00e3o de Ministros do Ambiente e dos Recursos Naturais ...<\/p>\n","protected":false},"author":8,"featured_media":124455,"comment_status":"closed","ping_status":"closed","sticky":false,"template":"","format":"standard","meta":[],"categories":[121,163],"tags":[],"_links":{"self":[{"href":"https:\/\/rna.ao\/rna.ao\/wp-json\/wp\/v2\/posts\/124449"}],"collection":[{"href":"https:\/\/rna.ao\/rna.ao\/wp-json\/wp\/v2\/posts"}],"about":[{"href":"https:\/\/rna.ao\/rna.ao\/wp-json\/wp\/v2\/types\/post"}],"author":[{"embeddable":true,"href":"https:\/\/rna.ao\/rna.ao\/wp-json\/wp\/v2\/users\/8"}],"replies":[{"embeddable":true,"href":"https:\/\/rna.ao\/rna.ao\/wp-json\/wp\/v2\/comments?post=124449"}],"version-history":[{"count":2,"href":"https:\/\/rna.ao\/rna.ao\/wp-json\/wp\/v2\/posts\/124449\/revisions"}],"predecessor-version":[{"id":124467,"href":"https:\/\/rna.ao\/rna.ao\/wp-json\/wp\/v2\/posts\/124449\/revisions\/124467"}],"wp:featuredmedia":[{"embeddable":true,"href":"https:\/\/rna.ao\/rna.ao\/wp-json\/wp\/v2\/media\/124455"}],"wp:attachment":[{"href":"https:\/\/rna.ao\/rna.ao\/wp-json\/wp\/v2\/media?parent=124449"}],"wp:term":[{"taxonomy":"category","embeddable":true,"href":"https:\/\/rna.ao\/rna.ao\/wp-json\/wp\/v2\/categories?post=124449"},{"taxonomy":"post_tag","embeddable":true,"href":"https:\/\/rna.ao\/rna.ao\/wp-json\/wp\/v2\/tags?post=124449"}],"curies":[{"name":"wp","href":"https:\/\/api.w.org\/{rel}","templated":true}]}}